{"id":117,"date":"2018-10-02T10:20:32","date_gmt":"2018-10-02T13:20:32","guid":{"rendered":"https:\/\/artesaudiovisuales.ugd.edu.ar\/?p=117"},"modified":"2018-10-02T10:20:32","modified_gmt":"2018-10-02T13:20:32","slug":"lanzamiento-concurso-videominuto-segunda-edicion","status":"publish","type":"post","link":"https:\/\/artesaudiovisuales.ugd.edu.ar\/index.php\/2018\/10\/02\/lanzamiento-concurso-videominuto-segunda-edicion\/","title":{"rendered":"Lanzamiento Concurso Videominuto Segunda Edici\u00f3n"},"content":{"rendered":"<p>La <a href=\"https:\/\/www.ugd.edu.ar\/oferta-academica\/carreras-de-grado\/diseno-y-comunicacion\/735-licenciatura-en-artes-audiovisuales\">Licenciatura en Artes Audiovisuales<\/a>\u00a0de la Universidad Gast\u00f3n Dachary lanza la segunda edici\u00f3n de su Concurso Videominuto, con motivo dar a conocer \u00e9sta oferta acad\u00e9mica \u00fanica en la regi\u00f3n e incentivar la producci\u00f3n audiovisual independiente en la provincia y el pa\u00eds.<\/p>\n<p>La tem\u00e1tica de \u00e9ste a\u00f1o es EL PRESENTE y est\u00e1 dirigido a interesados en cursar la carrera de Artes Audiovisuales que ofrece la UGD, sean estudiantes secundarios como universitarios de todo el pa\u00eds, sin l\u00edmite de edad.<\/p>\n<p>La participaci\u00f3n es de car\u00e1cter individual y cada concursante podr\u00e1 presentar hasta un (1) trabajo, que deber\u00e1 ser in\u00e9dito y no podr\u00e1 durar m\u00e1s de UN (1) MINUTO.<\/p>\n<p>\u00a1Pod\u00e9s ganar una beca para cursar la Lic. en Artes Audiovisuales en la UGD!<\/p>\n<p>Conoc\u00e9 las bases y condiciones del concurso ac\u00e1:\u00a0<a href=\"https:\/\/www.ugd.edu.ar\/bases-y-condiciones\">BASES Y CONDICIONES &#8211; Segunda edici\u00f3n del Concurso Videominuto<\/a><\/p>\n","protected":false},"excerpt":{"rendered":"<p>La Licenciatura en Artes Audiovisuales\u00a0de la Universidad Gast\u00f3n Dachary lanza la segunda edici\u00f3n de su Concurso Videominuto, con motivo dar a conocer \u00e9sta oferta acad\u00e9mica \u00fanica en la regi\u00f3n e incentivar la producci\u00f3n audiovisual independiente en la provincia y el pa\u00eds. La tem\u00e1tica de \u00e9ste a\u00f1o es EL PRESENTE y est\u00e1 dirigido a interesados en [&hellip;]<\/p>\n","protected":false},"author":2,"featured_media":0,"comment_status":"open","ping_status":"open","sticky":false,"template":"","format":"standard","meta":[],"categories":[1],"tags":[],"_links":{"self":[{"href":"https:\/\/artesaudiovisuales.ugd.edu.ar\/index.php\/wp-json\/wp\/v2\/posts\/117"}],"collection":[{"href":"https:\/\/artesaudiovisuales.ugd.edu.ar\/index.php\/wp-json\/wp\/v2\/posts"}],"about":[{"href":"https:\/\/artesaudiovisuales.ugd.edu.ar\/index.php\/wp-json\/wp\/v2\/types\/post"}],"author":[{"embeddable":true,"href":"https:\/\/artesaudiovisuales.ugd.edu.ar\/index.php\/wp-json\/wp\/v2\/users\/2"}],"replies":[{"embeddable":true,"href":"https:\/\/artesaudiovisuales.ugd.edu.ar\/index.php\/wp-json\/wp\/v2\/comments?post=117"}],"version-history":[{"count":1,"href":"https:\/\/artesaudiovisuales.ugd.edu.ar\/index.php\/wp-json\/wp\/v2\/posts\/117\/revisions"}],"predecessor-version":[{"id":118,"href":"https:\/\/artesaudiovisuales.ugd.edu.ar\/index.php\/wp-json\/wp\/v2\/posts\/117\/revisions\/118"}],"wp:attachment":[{"href":"https:\/\/artesaudiovisuales.ugd.edu.ar\/index.php\/wp-json\/wp\/v2\/media?parent=117"}],"wp:term":[{"taxonomy":"category","embeddable":true,"href":"https:\/\/artesaudiovisuales.ugd.edu.ar\/index.php\/wp-json\/wp\/v2\/categories?post=117"},{"taxonomy":"post_tag","embeddable":true,"href":"https:\/\/artesaudiovisuales.ugd.edu.ar\/index.php\/wp-json\/wp\/v2\/tags?post=117"}],"curies":[{"name":"wp","href":"https:\/\/api.w.org\/{rel}","templated":true}]}}