{"id":133,"date":"2019-01-02T14:01:03","date_gmt":"2019-01-02T17:01:03","guid":{"rendered":"https:\/\/artesaudiovisuales.ugd.edu.ar\/?p=133"},"modified":"2019-01-02T14:01:03","modified_gmt":"2019-01-02T17:01:03","slug":"calendario-academico-2019","status":"publish","type":"post","link":"https:\/\/artesaudiovisuales.ugd.edu.ar\/index.php\/2019\/01\/02\/calendario-academico-2019\/","title":{"rendered":"Calendario acad\u00e9mico 2019"},"content":{"rendered":"<p>Estimados alumnos, en este link calendario acad\u00e9mico a\u00f1o 2019.<\/p>\n<p>https:\/\/bit.ly\/2s70M2S<\/p>\n<p>Felices Vacaciones!<\/p>\n","protected":false},"excerpt":{"rendered":"<p>Estimados alumnos, en este link calendario acad\u00e9mico a\u00f1o 2019. https:\/\/bit.ly\/2s70M2S Felices Vacaciones!<\/p>\n","protected":false},"author":2,"featured_media":0,"comment_status":"open","ping_status":"open","sticky":false,"template":"","format":"standard","meta":[],"categories":[1],"tags":[],"_links":{"self":[{"href":"https:\/\/artesaudiovisuales.ugd.edu.ar\/index.php\/wp-json\/wp\/v2\/posts\/133"}],"collection":[{"href":"https:\/\/artesaudiovisuales.ugd.edu.ar\/index.php\/wp-json\/wp\/v2\/posts"}],"about":[{"href":"https:\/\/artesaudiovisuales.ugd.edu.ar\/index.php\/wp-json\/wp\/v2\/types\/post"}],"author":[{"embeddable":true,"href":"https:\/\/artesaudiovisuales.ugd.edu.ar\/index.php\/wp-json\/wp\/v2\/users\/2"}],"replies":[{"embeddable":true,"href":"https:\/\/artesaudiovisuales.ugd.edu.ar\/index.php\/wp-json\/wp\/v2\/comments?post=133"}],"version-history":[{"count":1,"href":"https:\/\/artesaudiovisuales.ugd.edu.ar\/index.php\/wp-json\/wp\/v2\/posts\/133\/revisions"}],"predecessor-version":[{"id":134,"href":"https:\/\/artesaudiovisuales.ugd.edu.ar\/index.php\/wp-json\/wp\/v2\/posts\/133\/revisions\/134"}],"wp:attachment":[{"href":"https:\/\/artesaudiovisuales.ugd.edu.ar\/index.php\/wp-json\/wp\/v2\/media?parent=133"}],"wp:term":[{"taxonomy":"category","embeddable":true,"href":"https:\/\/artesaudiovisuales.ugd.edu.ar\/index.php\/wp-json\/wp\/v2\/categories?post=133"},{"taxonomy":"post_tag","embeddable":true,"href":"https:\/\/artesaudiovisuales.ugd.edu.ar\/index.php\/wp-json\/wp\/v2\/tags?post=133"}],"curies":[{"name":"wp","href":"https:\/\/api.w.org\/{rel}","templated":true}]}}