{"id":136,"date":"2019-02-10T23:55:11","date_gmt":"2019-02-11T02:55:11","guid":{"rendered":"https:\/\/artesaudiovisuales.ugd.edu.ar\/?p=136"},"modified":"2019-02-10T23:56:40","modified_gmt":"2019-02-11T02:56:40","slug":"horarios-cursillo-de-ingreso-2019","status":"publish","type":"post","link":"https:\/\/artesaudiovisuales.ugd.edu.ar\/index.php\/2019\/02\/10\/horarios-cursillo-de-ingreso-2019\/","title":{"rendered":"Horarios Cursillo De ingreso 2019"},"content":{"rendered":"<p>Estimados ingresantes!<\/p>\n<p>Les damos la bienvenida a la LICENCIATURA EN ARTES AUDIOVISUALES y al cursillo de ingreso esperando que sea el comienzo de un recorrido apasionante!<\/p>\n<p>El cursillo se cursar\u00e1 en la sede central de Col\u00f3n y Salta. Ac\u00e1 les dejamos el horario del cursillo de ingreso.<\/p>\n<p class=\"alignnone\"><img loading=\"lazy\" class=\"alignnone wp-image-138 size-full\" src=\"https:\/\/artesaudiovisuales.ugd.edu.ar\/wp-content\/uploads\/2019\/02\/Captura-de-pantalla-2019-02-10-a-las-23.54.18.png\" alt=\"\" width=\"2116\" height=\"408\" srcset=\"https:\/\/artesaudiovisuales.ugd.edu.ar\/wp-content\/uploads\/2019\/02\/Captura-de-pantalla-2019-02-10-a-las-23.54.18.png 2116w, https:\/\/artesaudiovisuales.ugd.edu.ar\/wp-content\/uploads\/2019\/02\/Captura-de-pantalla-2019-02-10-a-las-23.54.18-300x58.png 300w, https:\/\/artesaudiovisuales.ugd.edu.ar\/wp-content\/uploads\/2019\/02\/Captura-de-pantalla-2019-02-10-a-las-23.54.18-768x148.png 768w, https:\/\/artesaudiovisuales.ugd.edu.ar\/wp-content\/uploads\/2019\/02\/Captura-de-pantalla-2019-02-10-a-las-23.54.18-1024x197.png 1024w\" sizes=\"(max-width: 2116px) 100vw, 2116px\" \/><img loading=\"lazy\" class=\"alignnone wp-image-139 size-full\" src=\"https:\/\/artesaudiovisuales.ugd.edu.ar\/wp-content\/uploads\/2019\/02\/Captura-de-pantalla-2019-02-10-a-las-23.54.28-e1549853789380.png\" alt=\"\" width=\"2118\" height=\"208\" \/><\/p>\n<p>&nbsp;<\/p>\n","protected":false},"excerpt":{"rendered":"<p>Estimados ingresantes! Les damos la bienvenida a la LICENCIATURA EN ARTES AUDIOVISUALES y al cursillo de ingreso esperando que sea el comienzo de un recorrido apasionante! El cursillo se cursar\u00e1 en la sede central de Col\u00f3n y Salta. Ac\u00e1 les dejamos el horario del cursillo de ingreso. &nbsp;<\/p>\n","protected":false},"author":2,"featured_media":0,"comment_status":"open","ping_status":"open","sticky":false,"template":"","format":"standard","meta":[],"categories":[1],"tags":[],"_links":{"self":[{"href":"https:\/\/artesaudiovisuales.ugd.edu.ar\/index.php\/wp-json\/wp\/v2\/posts\/136"}],"collection":[{"href":"https:\/\/artesaudiovisuales.ugd.edu.ar\/index.php\/wp-json\/wp\/v2\/posts"}],"about":[{"href":"https:\/\/artesaudiovisuales.ugd.edu.ar\/index.php\/wp-json\/wp\/v2\/types\/post"}],"author":[{"embeddable":true,"href":"https:\/\/artesaudiovisuales.ugd.edu.ar\/index.php\/wp-json\/wp\/v2\/users\/2"}],"replies":[{"embeddable":true,"href":"https:\/\/artesaudiovisuales.ugd.edu.ar\/index.php\/wp-json\/wp\/v2\/comments?post=136"}],"version-history":[{"count":3,"href":"https:\/\/artesaudiovisuales.ugd.edu.ar\/index.php\/wp-json\/wp\/v2\/posts\/136\/revisions"}],"predecessor-version":[{"id":142,"href":"https:\/\/artesaudiovisuales.ugd.edu.ar\/index.php\/wp-json\/wp\/v2\/posts\/136\/revisions\/142"}],"wp:attachment":[{"href":"https:\/\/artesaudiovisuales.ugd.edu.ar\/index.php\/wp-json\/wp\/v2\/media?parent=136"}],"wp:term":[{"taxonomy":"category","embeddable":true,"href":"https:\/\/artesaudiovisuales.ugd.edu.ar\/index.php\/wp-json\/wp\/v2\/categories?post=136"},{"taxonomy":"post_tag","embeddable":true,"href":"https:\/\/artesaudiovisuales.ugd.edu.ar\/index.php\/wp-json\/wp\/v2\/tags?post=136"}],"curies":[{"name":"wp","href":"https:\/\/api.w.org\/{rel}","templated":true}]}}