{"id":152,"date":"2019-06-25T11:21:49","date_gmt":"2019-06-25T14:21:49","guid":{"rendered":"https:\/\/artesaudiovisuales.ugd.edu.ar\/?p=152"},"modified":"2019-09-02T14:04:27","modified_gmt":"2019-09-02T17:04:27","slug":"un-camino-a-la-luz-german-constantino-en-la-ugd","status":"publish","type":"post","link":"https:\/\/artesaudiovisuales.ugd.edu.ar\/index.php\/2019\/06\/25\/un-camino-a-la-luz-german-constantino-en-la-ugd\/","title":{"rendered":"Un camino a La Luz. Germ\u00e1n Constantino en la UGD"},"content":{"rendered":"\n<p>El d\u00eda de LUNES 29 DE MAYO se realiz\u00f3 una charla abierta al p\u00fablico en la sede central de la&nbsp;<a href=\"https:\/\/www.facebook.com\/hashtag\/ugd?source=feed_text&amp;epa=HASHTAG&amp;__xts__%5B0%5D=68.ARD9EmETt_QL8UXoZnHcwy309ixP6Ytv8yIizYWP3tKgyMuOJumiTC4ik9uAQ-sn1sl8DLhKYKpngV8e2qLp8vAgV1AHAXwt8M7wmvwR31bcoWXQIj8aNYeOe8rhyiHSbDNVX8oYmXlvKgb1FV7EAogVnKcxeUdef5s_GBlrWoceju6ZSFna1pf4IkZC7oEXoo3dAooB9NC9LEpX0KUmhry8796E8MFZY38s-OT4LAtG54AiSy28dDGlunIofl_ylOUURUryrlrHQezzzf1_AfscyMslW8gwzk8ZxtuZ23vaBVFAWvVp_-1vjkM8uEbIa-HKnw4Tid9aXuo71glz&amp;__tn__=%2ANK-R\">#UGD<\/a>. El rol del Director\/a de fotograf\u00eda y la experiencia de trabajar freelance en la industria audiovisual. Disertante: Germ\u00e1n Constantino. Asistieron alumnos de 1ero y 2do a\u00f1o de la Lic. en Artes Audiovisuales. Se analiz\u00f3 la obra del director y los alumnos tuvieron la oportunidad de dialogar con \u00e9l. <\/p>\n\n\n\n<figure class=\"wp-block-image\"><img loading=\"lazy\" width=\"1024\" height=\"1024\" src=\"https:\/\/artesaudiovisuales.ugd.edu.ar\/wp-content\/uploads\/2019\/06\/58652588_10156040051776771_9026786882591129600_o-1024x1024.jpg\" alt=\"\" class=\"wp-image-153\" srcset=\"https:\/\/artesaudiovisuales.ugd.edu.ar\/wp-content\/uploads\/2019\/06\/58652588_10156040051776771_9026786882591129600_o-1024x1024.jpg 1024w, https:\/\/artesaudiovisuales.ugd.edu.ar\/wp-content\/uploads\/2019\/06\/58652588_10156040051776771_9026786882591129600_o-150x150.jpg 150w, https:\/\/artesaudiovisuales.ugd.edu.ar\/wp-content\/uploads\/2019\/06\/58652588_10156040051776771_9026786882591129600_o-300x300.jpg 300w, https:\/\/artesaudiovisuales.ugd.edu.ar\/wp-content\/uploads\/2019\/06\/58652588_10156040051776771_9026786882591129600_o-768x768.jpg 768w, https:\/\/artesaudiovisuales.ugd.edu.ar\/wp-content\/uploads\/2019\/06\/58652588_10156040051776771_9026786882591129600_o-100x100.jpg 100w, https:\/\/artesaudiovisuales.ugd.edu.ar\/wp-content\/uploads\/2019\/06\/58652588_10156040051776771_9026786882591129600_o.jpg 1280w\" sizes=\"(max-width: 1024px) 100vw, 1024px\" \/><\/figure>\n\n\n\n<ul class=\"wp-container-2 wp-block-gallery-1 wp-block-gallery columns-0 is-cropped\"><\/ul>\n","protected":false},"excerpt":{"rendered":"<p>El d\u00eda de LUNES 29 DE MAYO se realiz\u00f3 una charla abierta al p\u00fablico en la sede central de la&nbsp;#UGD. El rol del Director\/a de fotograf\u00eda y la experiencia de trabajar freelance en la industria audiovisual. Disertante: Germ\u00e1n Constantino. Asistieron alumnos de 1ero y 2do a\u00f1o de la Lic. en Artes Audiovisuales. Se analiz\u00f3 la [&hellip;]<\/p>\n","protected":false},"author":2,"featured_media":0,"comment_status":"open","ping_status":"open","sticky":false,"template":"","format":"standard","meta":[],"categories":[1],"tags":[],"_links":{"self":[{"href":"https:\/\/artesaudiovisuales.ugd.edu.ar\/index.php\/wp-json\/wp\/v2\/posts\/152"}],"collection":[{"href":"https:\/\/artesaudiovisuales.ugd.edu.ar\/index.php\/wp-json\/wp\/v2\/posts"}],"about":[{"href":"https:\/\/artesaudiovisuales.ugd.edu.ar\/index.php\/wp-json\/wp\/v2\/types\/post"}],"author":[{"embeddable":true,"href":"https:\/\/artesaudiovisuales.ugd.edu.ar\/index.php\/wp-json\/wp\/v2\/users\/2"}],"replies":[{"embeddable":true,"href":"https:\/\/artesaudiovisuales.ugd.edu.ar\/index.php\/wp-json\/wp\/v2\/comments?post=152"}],"version-history":[{"count":3,"href":"https:\/\/artesaudiovisuales.ugd.edu.ar\/index.php\/wp-json\/wp\/v2\/posts\/152\/revisions"}],"predecessor-version":[{"id":186,"href":"https:\/\/artesaudiovisuales.ugd.edu.ar\/index.php\/wp-json\/wp\/v2\/posts\/152\/revisions\/186"}],"wp:attachment":[{"href":"https:\/\/artesaudiovisuales.ugd.edu.ar\/index.php\/wp-json\/wp\/v2\/media?parent=152"}],"wp:term":[{"taxonomy":"category","embeddable":true,"href":"https:\/\/artesaudiovisuales.ugd.edu.ar\/index.php\/wp-json\/wp\/v2\/categories?post=152"},{"taxonomy":"post_tag","embeddable":true,"href":"https:\/\/artesaudiovisuales.ugd.edu.ar\/index.php\/wp-json\/wp\/v2\/tags?post=152"}],"curies":[{"name":"wp","href":"https:\/\/api.w.org\/{rel}","templated":true}]}}