{"id":160,"date":"2019-06-25T11:33:41","date_gmt":"2019-06-25T14:33:41","guid":{"rendered":"https:\/\/artesaudiovisuales.ugd.edu.ar\/?p=160"},"modified":"2019-06-25T11:33:41","modified_gmt":"2019-06-25T14:33:41","slug":"comenzo-el-ciclo-de-encuentros-con-ls-realizadors","status":"publish","type":"post","link":"https:\/\/artesaudiovisuales.ugd.edu.ar\/index.php\/2019\/06\/25\/comenzo-el-ciclo-de-encuentros-con-ls-realizadors\/","title":{"rendered":"Comenz\u00f3 el ciclo de encuentros con L@S REALIZADOR@S"},"content":{"rendered":"\n<p><strong>&nbsp;A partir del lunes 10 de junio desde las 20.30 horas, se realizar\u00e1 en el aula magna de la sede central de la UGD un ciclo de charlas con realizador@s audiovisuales. Dar\u00e1 inicio a estas jornadas el documentalista, H\u00e9ctor Jaquet, disertando acerca de la \u201cTrama biogr\u00e1fica y obra audiovisual: las posibilidades de creaci\u00f3n y realizaci\u00f3n audiovisual en y desde Misiones\u201d. Con la presentaci\u00f3n de Mat\u00edas Mogarte.&nbsp;<\/strong><\/p>\n\n\n\n<p>La serie de encuentros ser\u00e1 abierto al p\u00fablico y en cada jornada se proyectar\u00e1 un material audiovisual del autor o autora.<\/p>\n\n\n\n<p>La actividad est\u00e1 dirigida a estudiantes de comunicaci\u00f3n audiovisual de la UGD, otras carreras de instituciones universitarias y de nivel superior, estudiantes de nivel secundario y p\u00fablico en general.&nbsp;<\/p>\n\n\n\n<figure class=\"wp-block-image\"><img loading=\"lazy\" width=\"1024\" height=\"1024\" src=\"https:\/\/artesaudiovisuales.ugd.edu.ar\/wp-content\/uploads\/2019\/06\/encuentro-con-les-realizadores_cuadrado-1024x1024.png\" alt=\"\" class=\"wp-image-161\" srcset=\"https:\/\/artesaudiovisuales.ugd.edu.ar\/wp-content\/uploads\/2019\/06\/encuentro-con-les-realizadores_cuadrado-1024x1024.png 1024w, https:\/\/artesaudiovisuales.ugd.edu.ar\/wp-content\/uploads\/2019\/06\/encuentro-con-les-realizadores_cuadrado-150x150.png 150w, https:\/\/artesaudiovisuales.ugd.edu.ar\/wp-content\/uploads\/2019\/06\/encuentro-con-les-realizadores_cuadrado-300x300.png 300w, https:\/\/artesaudiovisuales.ugd.edu.ar\/wp-content\/uploads\/2019\/06\/encuentro-con-les-realizadores_cuadrado-768x768.png 768w, https:\/\/artesaudiovisuales.ugd.edu.ar\/wp-content\/uploads\/2019\/06\/encuentro-con-les-realizadores_cuadrado-100x100.png 100w, https:\/\/artesaudiovisuales.ugd.edu.ar\/wp-content\/uploads\/2019\/06\/encuentro-con-les-realizadores_cuadrado.png 1241w\" sizes=\"(max-width: 1024px) 100vw, 1024px\" \/><\/figure>\n\n\n\n<p><a href=\"https:\/\/www.ugd.edu.ar\/noticias-ugd\/870-ciclo-de-charlas-encuentro-los-l-s-realizador-s\">m\u00e1s info ac\u00e1: https:\/\/www.ugd.edu.ar\/noticias-ugd\/870-ciclo-de-charlas-encuentro-los-l-s-realizador-s<\/a><\/p>\n","protected":false},"excerpt":{"rendered":"<p>&nbsp;A partir del lunes 10 de junio desde las 20.30 horas, se realizar\u00e1 en el aula magna de la sede central de la UGD un ciclo de charlas con realizador@s audiovisuales. Dar\u00e1 inicio a estas jornadas el documentalista, H\u00e9ctor Jaquet, disertando acerca de la \u201cTrama biogr\u00e1fica y obra audiovisual: las posibilidades de creaci\u00f3n y realizaci\u00f3n [&hellip;]<\/p>\n","protected":false},"author":2,"featured_media":0,"comment_status":"open","ping_status":"open","sticky":false,"template":"","format":"standard","meta":[],"categories":[1],"tags":[],"_links":{"self":[{"href":"https:\/\/artesaudiovisuales.ugd.edu.ar\/index.php\/wp-json\/wp\/v2\/posts\/160"}],"collection":[{"href":"https:\/\/artesaudiovisuales.ugd.edu.ar\/index.php\/wp-json\/wp\/v2\/posts"}],"about":[{"href":"https:\/\/artesaudiovisuales.ugd.edu.ar\/index.php\/wp-json\/wp\/v2\/types\/post"}],"author":[{"embeddable":true,"href":"https:\/\/artesaudiovisuales.ugd.edu.ar\/index.php\/wp-json\/wp\/v2\/users\/2"}],"replies":[{"embeddable":true,"href":"https:\/\/artesaudiovisuales.ugd.edu.ar\/index.php\/wp-json\/wp\/v2\/comments?post=160"}],"version-history":[{"count":1,"href":"https:\/\/artesaudiovisuales.ugd.edu.ar\/index.php\/wp-json\/wp\/v2\/posts\/160\/revisions"}],"predecessor-version":[{"id":162,"href":"https:\/\/artesaudiovisuales.ugd.edu.ar\/index.php\/wp-json\/wp\/v2\/posts\/160\/revisions\/162"}],"wp:attachment":[{"href":"https:\/\/artesaudiovisuales.ugd.edu.ar\/index.php\/wp-json\/wp\/v2\/media?parent=160"}],"wp:term":[{"taxonomy":"category","embeddable":true,"href":"https:\/\/artesaudiovisuales.ugd.edu.ar\/index.php\/wp-json\/wp\/v2\/categories?post=160"},{"taxonomy":"post_tag","embeddable":true,"href":"https:\/\/artesaudiovisuales.ugd.edu.ar\/index.php\/wp-json\/wp\/v2\/tags?post=160"}],"curies":[{"name":"wp","href":"https:\/\/api.w.org\/{rel}","templated":true}]}}