{"id":172,"date":"2019-09-02T13:24:39","date_gmt":"2019-09-02T16:24:39","guid":{"rendered":"https:\/\/artesaudiovisuales.ugd.edu.ar\/?p=172"},"modified":"2019-09-02T13:24:39","modified_gmt":"2019-09-02T16:24:39","slug":"semana-del-audiovisual-en-la-ugd","status":"publish","type":"post","link":"https:\/\/artesaudiovisuales.ugd.edu.ar\/index.php\/2019\/09\/02\/semana-del-audiovisual-en-la-ugd\/","title":{"rendered":"SEMANA DEL AUDIOVISUAL EN LA UGD"},"content":{"rendered":"\n<p><strong>Del 12 al 16 de agosto se llevar\u00e1 a cabo la Semana del Audiovisual en la Universidad Gast\u00f3n Dachary. Contar\u00e1 con un workshop dictado por la actriz Malena Solda y proyecciones con charlas-debates en presencia de realizadoras y realizadores audiovisuales de Misiones.<\/strong><\/p>\n\n\n\n<p>La propuesta es organizada por la carrera Lic. en Artes Audiovisuales dictada en la UGD. El objetivo de la misma es ofrecer dos tipos de experiencias a las y los destinatarios de las actividades. Por un lado, proyecciones de producciones audiovisuales realizadas por docentes de la carrera, y por otro, un workshop dictado por Malena Solda enfocado en la direcci\u00f3n de actores, actrices y en las formas de concretar la puesta en escena.<\/p>\n\n\n\n<figure class=\"wp-block-image\"><img loading=\"lazy\" width=\"1024\" height=\"1024\" src=\"https:\/\/artesaudiovisuales.ugd.edu.ar\/wp-content\/uploads\/2019\/09\/semana-del-audiovisual-05-1024x1024.png\" alt=\"\" class=\"wp-image-173\" srcset=\"https:\/\/artesaudiovisuales.ugd.edu.ar\/wp-content\/uploads\/2019\/09\/semana-del-audiovisual-05-1024x1024.png 1024w, https:\/\/artesaudiovisuales.ugd.edu.ar\/wp-content\/uploads\/2019\/09\/semana-del-audiovisual-05-150x150.png 150w, https:\/\/artesaudiovisuales.ugd.edu.ar\/wp-content\/uploads\/2019\/09\/semana-del-audiovisual-05-300x300.png 300w, https:\/\/artesaudiovisuales.ugd.edu.ar\/wp-content\/uploads\/2019\/09\/semana-del-audiovisual-05-768x768.png 768w, https:\/\/artesaudiovisuales.ugd.edu.ar\/wp-content\/uploads\/2019\/09\/semana-del-audiovisual-05-100x100.png 100w, https:\/\/artesaudiovisuales.ugd.edu.ar\/wp-content\/uploads\/2019\/09\/semana-del-audiovisual-05.png 1241w\" sizes=\"(max-width: 1024px) 100vw, 1024px\" \/><\/figure>\n\n\n\n<p><strong>Cronograma de proyecciones con entrada libre y gratuita:<\/strong><\/p>\n\n\n\n<table class=\"wp-block-table\"><tbody><tr><td>\nLunes 12 de 19.30 a 20.45 horas. C\u00e1tedra: Realizaci\u00f3n II\n<\/td><td>\n<strong>\u201cMombyry\u201d,<\/strong> de Fremdina Bianco.\nDuraci\u00f3n: 15\u2019\nG\u00e9nero: Cortometraje de ficci\u00f3n.\n&nbsp;\n<strong>\u201cJejou\u201d,<\/strong> de Mauricio Holc. Duraci\u00f3n: 20\u2019\nG\u00e9nero: Cortometraje de ficci\u00f3n.\n<\/td><\/tr><tr><td>\nMartes 13 de 19.30 a 20.45 horas. C\u00e1tedra: Realizaci\u00f3n I\n<\/td><td>\n<strong>\u201cOtro extremo, Misiones\u201d<\/strong> Dirigida por Diego Bellocchio y producida por Yamila Barnasthpol.\nDuraci\u00f3n: 26\u2019 \/ 1 de 4 episodios.\nG\u00e9nero: No ficci\u00f3n, serie documental para Canal Encuentro.\n&nbsp;\n<strong>\u201cRespiro\u201d.<\/strong>\nDuraci\u00f3n: 10\u2019\nG\u00e9nero: Cortometraje de ficci\u00f3n.\n<\/td><\/tr><tr><td>\nViernes 16 de 18.45 a 20.45 horas. C\u00e1tedra: Iluminaci\u00f3n y c\u00e1mara II.\n<\/td><td>\n<strong>\u201cYarar\u00e1\u201d,<\/strong> de Sebasti\u00e1n Sarqu\u00eds.\nFotograf\u00eda: Luis C\u00e1mara. Duraci\u00f3n: 96\u00b4\nG\u00e9nero: Ficci\u00f3n documental.\n<\/td><\/tr><\/tbody><\/table>\n\n\n\n<p>\u00a0<strong>Workshop:<\/strong><\/p>\n\n\n\n<table class=\"wp-block-table\"><tbody><tr><td>\nMi\u00e9rcoles 14 y jueves 15 de 17 a 20 horas en la sede central, sala de videoconferencia.\n<\/td><td>\n<strong>Workshop \u201cActuar y dirigir, una tarea conjunta\u201d, <\/strong>a cargo de la actriz Malena Solda.\n<\/td><\/tr><\/tbody><\/table>\n\n\n\n<p><strong>Informes e inscripciones al workshop<\/strong><\/p>\n\n\n\n<p>Los interesados pueden dirigirse a la sede central en Posadas (Col\u00f3n y Salta) o llamar al tel\u00e9fono (0376) 4438677 o por correo a <a href=\"mailto:informes@ugd.edu.ar\">informes@ugd.edu.ar<\/a>.<\/p>\n\n\n\n<p><a href=\"https:\/\/cutt.ly\/XX4I0r\">Click aqu\u00ed para m\u00e1s informaci\u00f3n<\/a><\/p>\n\n\n\n<p><strong>Las actividades est\u00e1n dirigidas a estudiantes, docentes y p\u00fablico en general.<\/strong><\/p>\n","protected":false},"excerpt":{"rendered":"<p>Del 12 al 16 de agosto se llevar\u00e1 a cabo la Semana del Audiovisual en la Universidad Gast\u00f3n Dachary. Contar\u00e1 con un workshop dictado por la actriz Malena Solda y proyecciones con charlas-debates en presencia de realizadoras y realizadores audiovisuales de Misiones. La propuesta es organizada por la carrera Lic. en Artes Audiovisuales dictada en [&hellip;]<\/p>\n","protected":false},"author":2,"featured_media":0,"comment_status":"open","ping_status":"open","sticky":false,"template":"","format":"standard","meta":[],"categories":[1],"tags":[],"_links":{"self":[{"href":"https:\/\/artesaudiovisuales.ugd.edu.ar\/index.php\/wp-json\/wp\/v2\/posts\/172"}],"collection":[{"href":"https:\/\/artesaudiovisuales.ugd.edu.ar\/index.php\/wp-json\/wp\/v2\/posts"}],"about":[{"href":"https:\/\/artesaudiovisuales.ugd.edu.ar\/index.php\/wp-json\/wp\/v2\/types\/post"}],"author":[{"embeddable":true,"href":"https:\/\/artesaudiovisuales.ugd.edu.ar\/index.php\/wp-json\/wp\/v2\/users\/2"}],"replies":[{"embeddable":true,"href":"https:\/\/artesaudiovisuales.ugd.edu.ar\/index.php\/wp-json\/wp\/v2\/comments?post=172"}],"version-history":[{"count":1,"href":"https:\/\/artesaudiovisuales.ugd.edu.ar\/index.php\/wp-json\/wp\/v2\/posts\/172\/revisions"}],"predecessor-version":[{"id":174,"href":"https:\/\/artesaudiovisuales.ugd.edu.ar\/index.php\/wp-json\/wp\/v2\/posts\/172\/revisions\/174"}],"wp:attachment":[{"href":"https:\/\/artesaudiovisuales.ugd.edu.ar\/index.php\/wp-json\/wp\/v2\/media?parent=172"}],"wp:term":[{"taxonomy":"category","embeddable":true,"href":"https:\/\/artesaudiovisuales.ugd.edu.ar\/index.php\/wp-json\/wp\/v2\/categories?post=172"},{"taxonomy":"post_tag","embeddable":true,"href":"https:\/\/artesaudiovisuales.ugd.edu.ar\/index.php\/wp-json\/wp\/v2\/tags?post=172"}],"curies":[{"name":"wp","href":"https:\/\/api.w.org\/{rel}","templated":true}]}}