{"id":203,"date":"2019-09-02T14:14:49","date_gmt":"2019-09-02T17:14:49","guid":{"rendered":"https:\/\/artesaudiovisuales.ugd.edu.ar\/?p=203"},"modified":"2019-09-02T14:16:19","modified_gmt":"2019-09-02T17:16:19","slug":"ciclo-de-charlas-encuentro-con-ls-realizadors","status":"publish","type":"post","link":"https:\/\/artesaudiovisuales.ugd.edu.ar\/index.php\/2019\/09\/02\/ciclo-de-charlas-encuentro-con-ls-realizadors\/","title":{"rendered":"CICLO DE CHARLAS: ENCUENTRO CON L@S REALIZADOR@S"},"content":{"rendered":"\n<p><strong>Posadas. La Universidad Gast\u00f3n Dachary invita a participar del Ciclo de Charlas con realizador@s audiovisuales que se llevar\u00e1 a cabo en la sede central (Salta esquina Col\u00f3n) en septiembre, octubre y noviembre.<\/strong><\/p>\n\n\n\n<p>Programaci\u00f3n<\/p>\n\n\n\n<table class=\"wp-block-table\"><tbody><tr><td>Lunes 2 de septiembre \u2013 Lic. Ana Vi Espinoza<\/td><td>En busca de la pluralidad: \u00bfes posible la deconstrucci\u00f3n en la mirada audiovisual?Se proyectar\u00e1:\u201cMir\u00e1me\u201d de Fremdina Bianco.Cortometrajes de las muestras de Xin\u00e9ticas.\u201cAn\u00f3nimas\u201d de Ana Espinoza y Elian Guerin.<\/td><\/tr><tr><td>Martes 24 de septiembre &#8211; Santiago Carabante<\/td><td>Cine de autor: la producci\u00f3n como parte del proceso creativo.&nbsp;Se proyectar\u00e1: \u201cFar from us\u201d, de Verena Kuri, Laura Bierbrauer (77\u2019)<\/td><\/tr><tr><td>Jueves 24 de octubre: Guillermo Rovira&nbsp;<\/td><td>Una c\u00e1mara en la mano y una idea en la cabeza. \u00bfAlcanza?&nbsp;Se proyectar\u00e1: \u201c60 mil\u201dy \u201cDel lado de los fr\u00e1giles\u201d de Guillermo Rovira&nbsp;<\/td><\/tr><tr><td><br><\/td><td><br><\/td><\/tr><\/tbody><\/table>\n\n\n\n<figure class=\"wp-block-image\"><img loading=\"lazy\" width=\"768\" height=\"960\" src=\"https:\/\/artesaudiovisuales.ugd.edu.ar\/wp-content\/uploads\/2019\/09\/69136913_10156303834531771_6219176485001887744_n.jpg\" alt=\"\" class=\"wp-image-204\" srcset=\"https:\/\/artesaudiovisuales.ugd.edu.ar\/wp-content\/uploads\/2019\/09\/69136913_10156303834531771_6219176485001887744_n.jpg 768w, https:\/\/artesaudiovisuales.ugd.edu.ar\/wp-content\/uploads\/2019\/09\/69136913_10156303834531771_6219176485001887744_n-240x300.jpg 240w\" sizes=\"(max-width: 768px) 100vw, 768px\" \/><\/figure>\n\n\n\n<p>Con el objetivo de generar un espacio de di\u00e1logo con realizador@s audiovisuales, esta actividad busca promover la inserci\u00f3n del alumnado de la carrera Lic. en artes audiovisuales en el mundo de la realizaci\u00f3n audiovisual en la provincia.<br><br>La serie de encuentros ser\u00e1 abierto al p\u00fablico y en cada jornada se proyectar\u00e1 un material audiovisual del autor o autora.<br><br>La actividad est\u00e1 dirigida a estudiantes de comunicaci\u00f3n audiovisual de la UGD, otras carreras de instituciones universitarias y de nivel superior, estudiantes de nivel secundario y p\u00fablico en general.<\/p>\n","protected":false},"excerpt":{"rendered":"<p>Posadas. La Universidad Gast\u00f3n Dachary invita a participar del Ciclo de Charlas con realizador@s audiovisuales que se llevar\u00e1 a cabo en la sede central (Salta esquina Col\u00f3n) en septiembre, octubre y noviembre. Programaci\u00f3n Lunes 2 de septiembre \u2013 Lic. Ana Vi Espinoza En busca de la pluralidad: \u00bfes posible la deconstrucci\u00f3n en la mirada audiovisual?Se [&hellip;]<\/p>\n","protected":false},"author":2,"featured_media":0,"comment_status":"open","ping_status":"open","sticky":false,"template":"","format":"standard","meta":[],"categories":[1],"tags":[],"_links":{"self":[{"href":"https:\/\/artesaudiovisuales.ugd.edu.ar\/index.php\/wp-json\/wp\/v2\/posts\/203"}],"collection":[{"href":"https:\/\/artesaudiovisuales.ugd.edu.ar\/index.php\/wp-json\/wp\/v2\/posts"}],"about":[{"href":"https:\/\/artesaudiovisuales.ugd.edu.ar\/index.php\/wp-json\/wp\/v2\/types\/post"}],"author":[{"embeddable":true,"href":"https:\/\/artesaudiovisuales.ugd.edu.ar\/index.php\/wp-json\/wp\/v2\/users\/2"}],"replies":[{"embeddable":true,"href":"https:\/\/artesaudiovisuales.ugd.edu.ar\/index.php\/wp-json\/wp\/v2\/comments?post=203"}],"version-history":[{"count":2,"href":"https:\/\/artesaudiovisuales.ugd.edu.ar\/index.php\/wp-json\/wp\/v2\/posts\/203\/revisions"}],"predecessor-version":[{"id":207,"href":"https:\/\/artesaudiovisuales.ugd.edu.ar\/index.php\/wp-json\/wp\/v2\/posts\/203\/revisions\/207"}],"wp:attachment":[{"href":"https:\/\/artesaudiovisuales.ugd.edu.ar\/index.php\/wp-json\/wp\/v2\/media?parent=203"}],"wp:term":[{"taxonomy":"category","embeddable":true,"href":"https:\/\/artesaudiovisuales.ugd.edu.ar\/index.php\/wp-json\/wp\/v2\/categories?post=203"},{"taxonomy":"post_tag","embeddable":true,"href":"https:\/\/artesaudiovisuales.ugd.edu.ar\/index.php\/wp-json\/wp\/v2\/tags?post=203"}],"curies":[{"name":"wp","href":"https:\/\/api.w.org\/{rel}","templated":true}]}}