{"id":224,"date":"2019-09-11T09:56:05","date_gmt":"2019-09-11T12:56:05","guid":{"rendered":"https:\/\/artesaudiovisuales.ugd.edu.ar\/?p=224"},"modified":"2019-09-11T09:56:05","modified_gmt":"2019-09-11T12:56:05","slug":"ciclo-de-charlas-encuentro-con-ls-realizadors-2","status":"publish","type":"post","link":"https:\/\/artesaudiovisuales.ugd.edu.ar\/index.php\/2019\/09\/11\/ciclo-de-charlas-encuentro-con-ls-realizadors-2\/","title":{"rendered":"Ciclo de charlas: encuentro con l@s realizador@s."},"content":{"rendered":"\n Se realiz\u00f3 la charla llamada &#8220;En busca de la pluralidad: \u00bfes posible la deconstrucci\u00f3n en la mirada audiovisual?&#8221; con la Lic. Ana Espinoza Adem\u00e1s, se proyectar\u00f3 &#8220;Mir\u00e1me\u201d de Fremdina Bianco, cortometrajes de las muestras de Xin\u00e9ticas y &#8220;An\u00f3nimas\u201d de Ana Espinoza y Elian Guerin\n\n<figure><iframe loading=\"lazy\" src=\"https:\/\/www.facebook.com\/plugins\/video.php?href=https%3A%2F%2Fwww.facebook.com%2FUniversidadGastonDachary%2Fvideos%2F1374356682714835%2F&amp;show_text=0&amp;width=560\" width=\"560\" height=\"315\" allowfullscreen=\"true\"><\/iframe><\/figure>\n","protected":false},"excerpt":{"rendered":"<p>Se realiz\u00f3 la charla llamada &#8220;En busca de la pluralidad: \u00bfes posible la deconstrucci\u00f3n en la mirada audiovisual?&#8221; con la Lic. Ana Espinoza Adem\u00e1s, se proyectar\u00f3 &#8220;Mir\u00e1me\u201d de Fremdina Bianco, cortometrajes de las muestras de Xin\u00e9ticas y &#8220;An\u00f3nimas\u201d de Ana Espinoza y Elian Guerin<\/p>\n","protected":false},"author":2,"featured_media":0,"comment_status":"open","ping_status":"open","sticky":false,"template":"","format":"standard","meta":[],"categories":[1],"tags":[],"_links":{"self":[{"href":"https:\/\/artesaudiovisuales.ugd.edu.ar\/index.php\/wp-json\/wp\/v2\/posts\/224"}],"collection":[{"href":"https:\/\/artesaudiovisuales.ugd.edu.ar\/index.php\/wp-json\/wp\/v2\/posts"}],"about":[{"href":"https:\/\/artesaudiovisuales.ugd.edu.ar\/index.php\/wp-json\/wp\/v2\/types\/post"}],"author":[{"embeddable":true,"href":"https:\/\/artesaudiovisuales.ugd.edu.ar\/index.php\/wp-json\/wp\/v2\/users\/2"}],"replies":[{"embeddable":true,"href":"https:\/\/artesaudiovisuales.ugd.edu.ar\/index.php\/wp-json\/wp\/v2\/comments?post=224"}],"version-history":[{"count":1,"href":"https:\/\/artesaudiovisuales.ugd.edu.ar\/index.php\/wp-json\/wp\/v2\/posts\/224\/revisions"}],"predecessor-version":[{"id":225,"href":"https:\/\/artesaudiovisuales.ugd.edu.ar\/index.php\/wp-json\/wp\/v2\/posts\/224\/revisions\/225"}],"wp:attachment":[{"href":"https:\/\/artesaudiovisuales.ugd.edu.ar\/index.php\/wp-json\/wp\/v2\/media?parent=224"}],"wp:term":[{"taxonomy":"category","embeddable":true,"href":"https:\/\/artesaudiovisuales.ugd.edu.ar\/index.php\/wp-json\/wp\/v2\/categories?post=224"},{"taxonomy":"post_tag","embeddable":true,"href":"https:\/\/artesaudiovisuales.ugd.edu.ar\/index.php\/wp-json\/wp\/v2\/tags?post=224"}],"curies":[{"name":"wp","href":"https:\/\/api.w.org\/{rel}","templated":true}]}}