{"id":227,"date":"2019-12-04T22:52:54","date_gmt":"2019-12-05T01:52:54","guid":{"rendered":"https:\/\/artesaudiovisuales.ugd.edu.ar\/?p=227"},"modified":"2019-12-04T22:52:54","modified_gmt":"2019-12-05T01:52:54","slug":"nos-visito-santiago-carabante-donde-comento-acerca-del-cine-de-autor-la-produccion-como-parte-del-proceso-creativo-ademas-se-proyecto-far-from-us-de-verena-kuri-laura-bierbr","status":"publish","type":"post","link":"https:\/\/artesaudiovisuales.ugd.edu.ar\/index.php\/2019\/12\/04\/nos-visito-santiago-carabante-donde-comento-acerca-del-cine-de-autor-la-produccion-como-parte-del-proceso-creativo-ademas-se-proyecto-far-from-us-de-verena-kuri-laura-bierbr\/","title":{"rendered":"Nos visit\u00f3 Santiago Carabante donde coment\u00f3 acerca del &#8220;Cine de autor: la producci\u00f3n como parte del proceso creativo.&#8221; Adem\u00e1s, se proyect\u00f3 \u201cFar from us\u201d, de Verena Kuri, Laura Bierbrauer (77\u2019)"},"content":{"rendered":"\n<figure><iframe loading=\"lazy\" src=\"https:\/\/www.facebook.com\/plugins\/video.php?href=https%3A%2F%2Fwww.facebook.com%2FUniversidadGastonDachary%2Fvideos%2F674271036402333%2F&amp;show_text=0&amp;width=560\" width=\"560\" height=\"315\" allowfullscreen=\"true\"><\/iframe><\/figure>\n","protected":false},"excerpt":{"rendered":"","protected":false},"author":2,"featured_media":0,"comment_status":"open","ping_status":"open","sticky":false,"template":"","format":"standard","meta":[],"categories":[1],"tags":[],"_links":{"self":[{"href":"https:\/\/artesaudiovisuales.ugd.edu.ar\/index.php\/wp-json\/wp\/v2\/posts\/227"}],"collection":[{"href":"https:\/\/artesaudiovisuales.ugd.edu.ar\/index.php\/wp-json\/wp\/v2\/posts"}],"about":[{"href":"https:\/\/artesaudiovisuales.ugd.edu.ar\/index.php\/wp-json\/wp\/v2\/types\/post"}],"author":[{"embeddable":true,"href":"https:\/\/artesaudiovisuales.ugd.edu.ar\/index.php\/wp-json\/wp\/v2\/users\/2"}],"replies":[{"embeddable":true,"href":"https:\/\/artesaudiovisuales.ugd.edu.ar\/index.php\/wp-json\/wp\/v2\/comments?post=227"}],"version-history":[{"count":1,"href":"https:\/\/artesaudiovisuales.ugd.edu.ar\/index.php\/wp-json\/wp\/v2\/posts\/227\/revisions"}],"predecessor-version":[{"id":228,"href":"https:\/\/artesaudiovisuales.ugd.edu.ar\/index.php\/wp-json\/wp\/v2\/posts\/227\/revisions\/228"}],"wp:attachment":[{"href":"https:\/\/artesaudiovisuales.ugd.edu.ar\/index.php\/wp-json\/wp\/v2\/media?parent=227"}],"wp:term":[{"taxonomy":"category","embeddable":true,"href":"https:\/\/artesaudiovisuales.ugd.edu.ar\/index.php\/wp-json\/wp\/v2\/categories?post=227"},{"taxonomy":"post_tag","embeddable":true,"href":"https:\/\/artesaudiovisuales.ugd.edu.ar\/index.php\/wp-json\/wp\/v2\/tags?post=227"}],"curies":[{"name":"wp","href":"https:\/\/api.w.org\/{rel}","templated":true}]}}