{"id":237,"date":"2019-12-04T22:59:15","date_gmt":"2019-12-05T01:59:15","guid":{"rendered":"https:\/\/artesaudiovisuales.ugd.edu.ar\/?p=237"},"modified":"2019-12-04T22:59:15","modified_gmt":"2019-12-05T01:59:15","slug":"tercera-edicion-del-concurso-videominuto","status":"publish","type":"post","link":"https:\/\/artesaudiovisuales.ugd.edu.ar\/index.php\/2019\/12\/04\/tercera-edicion-del-concurso-videominuto\/","title":{"rendered":"\u00a1Tercera edici\u00f3n del Concurso Videominuto!"},"content":{"rendered":"\n<p style=\"text-align:right\"><a href=\"http:\/\/<iframe src=&quot;https:\/\/www.facebook.com\/plugins\/video.php?href=https%3A%2F%2Fwww.facebook.com%2FUniversidadGastonDachary%2Fvideos%2F2364273700492393%2F&amp;show_text=0&amp;width=476&quot; width=&quot;476&quot; height=&quot;476&quot; style=&quot;border:none;overflow:hidden&quot; scrolling=&quot;no&quot; frameborder=&quot;0&quot; allowTransparency=&quot;true&quot; allowFullScreen=&quot;true&quot;><\/iframe>&#8220;>http:\/\/&lt;iframe src=&#8221;https:\/\/www.facebook.com\/plugins\/video.php?href=https%3A%2F%2Fwww.facebook.com%2FUniversidadGastonDachary%2Fvideos%2F2364273700492393%2F&amp;show_text=0&amp;width=476&#8243; width=&#8221;476&#8243; height=&#8221;476&#8243; style=&#8221;border:none;overflow:hidden&#8221; scrolling=&#8221;no&#8221; frameborder=&#8221;0&#8243; allowTransparency=&#8221;true&#8221; allowFullScreen=&#8221;true&#8221;>&lt;\/iframe><\/a><br><\/p>\n\n\n\n<p>La Licenciatura en Artes Audiovisuales de la\u00a0<a href=\"https:\/\/www.facebook.com\/hashtag\/ugd?source=feed_text&amp;epa=HASHTAG\">#UGD<\/a>\u00a0lanza la tercera edici\u00f3n del Concurso Videominuto. La propuesta de este a\u00f1o reflejada en el t\u00edtulo del concurso se inscribe en el esp\u00edritu del Programa Educaci\u00f3n Sexual Integral (ESI). Las piezas audiovisuales que se presenten deber\u00e1n manifestar un abordaje personal de alguno de los temas que se encuentran contemplados por dicho programa, sin necesidad de mencionar directamente el nombre del mismo.<\/p>\n\n\n\n<p>La participaci\u00f3n es de car\u00e1cter individual y cada concursante podr\u00e1 presentar hasta un trabajo, que deber\u00e1 ser in\u00e9dito y no podr\u00e1 durar m\u00e1s de 1 minuto.<\/p>\n\n\n\n<p>Bases y condiciones:\u00a0<a rel=\"noreferrer noopener\" href=\"https:\/\/bit.ly\/2pbrERo?fbclid=IwAR1gykcEiQNiavOZbAeZTfqXAaEd3YZkCsZVDiaHx0quug--v-Z4MSofck4\" target=\"_blank\">https:\/\/bit.ly\/2pbrERo<\/a><\/p>\n","protected":false},"excerpt":{"rendered":"","protected":false},"author":2,"featured_media":0,"comment_status":"open","ping_status":"open","sticky":false,"template":"","format":"standard","meta":[],"categories":[1],"tags":[],"_links":{"self":[{"href":"https:\/\/artesaudiovisuales.ugd.edu.ar\/index.php\/wp-json\/wp\/v2\/posts\/237"}],"collection":[{"href":"https:\/\/artesaudiovisuales.ugd.edu.ar\/index.php\/wp-json\/wp\/v2\/posts"}],"about":[{"href":"https:\/\/artesaudiovisuales.ugd.edu.ar\/index.php\/wp-json\/wp\/v2\/types\/post"}],"author":[{"embeddable":true,"href":"https:\/\/artesaudiovisuales.ugd.edu.ar\/index.php\/wp-json\/wp\/v2\/users\/2"}],"replies":[{"embeddable":true,"href":"https:\/\/artesaudiovisuales.ugd.edu.ar\/index.php\/wp-json\/wp\/v2\/comments?post=237"}],"version-history":[{"count":1,"href":"https:\/\/artesaudiovisuales.ugd.edu.ar\/index.php\/wp-json\/wp\/v2\/posts\/237\/revisions"}],"predecessor-version":[{"id":238,"href":"https:\/\/artesaudiovisuales.ugd.edu.ar\/index.php\/wp-json\/wp\/v2\/posts\/237\/revisions\/238"}],"wp:attachment":[{"href":"https:\/\/artesaudiovisuales.ugd.edu.ar\/index.php\/wp-json\/wp\/v2\/media?parent=237"}],"wp:term":[{"taxonomy":"category","embeddable":true,"href":"https:\/\/artesaudiovisuales.ugd.edu.ar\/index.php\/wp-json\/wp\/v2\/categories?post=237"},{"taxonomy":"post_tag","embeddable":true,"href":"https:\/\/artesaudiovisuales.ugd.edu.ar\/index.php\/wp-json\/wp\/v2\/tags?post=237"}],"curies":[{"name":"wp","href":"https:\/\/api.w.org\/{rel}","templated":true}]}}