{"id":241,"date":"2019-12-04T23:02:47","date_gmt":"2019-12-05T02:02:47","guid":{"rendered":"https:\/\/artesaudiovisuales.ugd.edu.ar\/?p=241"},"modified":"2019-12-04T23:02:47","modified_gmt":"2019-12-05T02:02:47","slug":"encuentros-con-los-realizadores-inaki-echeberria","status":"publish","type":"post","link":"https:\/\/artesaudiovisuales.ugd.edu.ar\/index.php\/2019\/12\/04\/encuentros-con-los-realizadores-inaki-echeberria\/","title":{"rendered":"Encuentros con los realizadores &#8211; I\u00f1aki Echeberria"},"content":{"rendered":"\n<p>Se realiz\u00f3 el ultimo encuentro con realizadores del a\u00f1o. En esta oportunidad, nos visit\u00f3 I\u00f1aki Echeberria. Estudi\u00f3 Iluminaci\u00f3n y C\u00e1mara en la Universidad del Cine en Buenos Aires y Direcci\u00f3n de Fotograf\u00eda en el Centro de Formaci\u00f3n Profesional del SICA. Hoy reside en Puerto Esperanza, Misiones y se desenvuelve como Director y Director de Fotograf\u00eda, en spots publicitarios, video-clips, ficciones y documentales para Cine, Tv y Web.<\/p>\n\n\n\n<figure><iframe loading=\"lazy\" src=\"https:\/\/www.facebook.com\/plugins\/video.php?href=https%3A%2F%2Fwww.facebook.com%2FUniversidadGastonDachary%2Fvideos%2F477519029552375%2F&amp;show_text=0&amp;width=560\" width=\"560\" height=\"315\" allowfullscreen=\"true\"><\/iframe><\/figure>\n","protected":false},"excerpt":{"rendered":"<p>Se realiz\u00f3 el ultimo encuentro con realizadores del a\u00f1o. En esta oportunidad, nos visit\u00f3 I\u00f1aki Echeberria. Estudi\u00f3 Iluminaci\u00f3n y C\u00e1mara en la Universidad del Cine en Buenos Aires y Direcci\u00f3n de Fotograf\u00eda en el Centro de Formaci\u00f3n Profesional del SICA. Hoy reside en Puerto Esperanza, Misiones y se desenvuelve como Director y Director de Fotograf\u00eda, [&hellip;]<\/p>\n","protected":false},"author":2,"featured_media":0,"comment_status":"open","ping_status":"open","sticky":false,"template":"","format":"standard","meta":[],"categories":[1],"tags":[],"_links":{"self":[{"href":"https:\/\/artesaudiovisuales.ugd.edu.ar\/index.php\/wp-json\/wp\/v2\/posts\/241"}],"collection":[{"href":"https:\/\/artesaudiovisuales.ugd.edu.ar\/index.php\/wp-json\/wp\/v2\/posts"}],"about":[{"href":"https:\/\/artesaudiovisuales.ugd.edu.ar\/index.php\/wp-json\/wp\/v2\/types\/post"}],"author":[{"embeddable":true,"href":"https:\/\/artesaudiovisuales.ugd.edu.ar\/index.php\/wp-json\/wp\/v2\/users\/2"}],"replies":[{"embeddable":true,"href":"https:\/\/artesaudiovisuales.ugd.edu.ar\/index.php\/wp-json\/wp\/v2\/comments?post=241"}],"version-history":[{"count":1,"href":"https:\/\/artesaudiovisuales.ugd.edu.ar\/index.php\/wp-json\/wp\/v2\/posts\/241\/revisions"}],"predecessor-version":[{"id":242,"href":"https:\/\/artesaudiovisuales.ugd.edu.ar\/index.php\/wp-json\/wp\/v2\/posts\/241\/revisions\/242"}],"wp:attachment":[{"href":"https:\/\/artesaudiovisuales.ugd.edu.ar\/index.php\/wp-json\/wp\/v2\/media?parent=241"}],"wp:term":[{"taxonomy":"category","embeddable":true,"href":"https:\/\/artesaudiovisuales.ugd.edu.ar\/index.php\/wp-json\/wp\/v2\/categories?post=241"},{"taxonomy":"post_tag","embeddable":true,"href":"https:\/\/artesaudiovisuales.ugd.edu.ar\/index.php\/wp-json\/wp\/v2\/tags?post=241"}],"curies":[{"name":"wp","href":"https:\/\/api.w.org\/{rel}","templated":true}]}}