{"id":250,"date":"2019-12-04T23:04:34","date_gmt":"2019-12-05T02:04:34","guid":{"rendered":"https:\/\/artesaudiovisuales.ugd.edu.ar\/?p=250"},"modified":"2020-03-13T18:11:32","modified_gmt":"2020-03-13T21:11:32","slug":"mboyere-ugd-disena-muestra-del-departamento-de-arq-diseno-y-comunicacion","status":"publish","type":"post","link":"https:\/\/artesaudiovisuales.ugd.edu.ar\/index.php\/2019\/12\/04\/mboyere-ugd-disena-muestra-del-departamento-de-arq-diseno-y-comunicacion\/","title":{"rendered":"Mboyer\u00e9 &#8211; UGD Dise\u00f1a, MUESTRA DEL DEPARTAMENTO DE arq. dise\u00f1o y comunicaci\u00f3n."},"content":{"rendered":"\n<figure><iframe loading=\"lazy\" src=\"https:\/\/www.facebook.com\/plugins\/video.php?href=https%3A%2F%2Fwww.facebook.com%2FUniversidadGastonDachary%2Fvideos%2F1538584902959386%2F&amp;show_text=0&amp;width=560\" width=\"560\" height=\"315\" allowfullscreen=\"true\"><\/iframe><\/figure>\n\n\n\n<p><strong>&nbsp;El viernes 22 a partir de las 18.30 horas en el Espacio de Arte UGD, se llevar\u00e1 adelante la muestra anual del Departamento de Arquitectura, Dise\u00f1o y Comunicaci\u00f3n Visual de la Universidad Gast\u00f3n Dachary.<\/strong><\/p>\n\n\n\n<p>El espacio&nbsp;contar\u00e1 con una exposici\u00f3n de trabajos realizados por los estudiantes durante el periodo 2019, una&nbsp;intervenci\u00f3n art\u00edstica urbana y una muestra abierta p\u00fablica. Adem\u00e1s, cabe destacar que las personas interesadas podr\u00e1n visitarla&nbsp;durante el per\u00edodo vacacional.&nbsp;<\/p>\n\n\n\n<p>En este sentido, desde el departamento comentaron que &#8220;el objetivo es\u00a0que los estudiantes y\u00a0docentes puedan compartir las diferentes\u00a0experiencias educativas que tuvieron y dar a conocer las distintas carreras que ofrece el Departamento de Arquitectura, Dise\u00f1o y Comunicaci\u00f3n Visual&#8221;.<\/p>\n","protected":false},"excerpt":{"rendered":"<p>&nbsp;El viernes 22 a partir de las 18.30 horas en el Espacio de Arte UGD, se llevar\u00e1 adelante la muestra anual del Departamento de Arquitectura, Dise\u00f1o y Comunicaci\u00f3n Visual de la Universidad Gast\u00f3n Dachary. El espacio&nbsp;contar\u00e1 con una exposici\u00f3n de trabajos realizados por los estudiantes durante el periodo 2019, una&nbsp;intervenci\u00f3n art\u00edstica urbana y una muestra [&hellip;]<\/p>\n","protected":false},"author":2,"featured_media":0,"comment_status":"open","ping_status":"open","sticky":false,"template":"","format":"standard","meta":[],"categories":[1],"tags":[],"_links":{"self":[{"href":"https:\/\/artesaudiovisuales.ugd.edu.ar\/index.php\/wp-json\/wp\/v2\/posts\/250"}],"collection":[{"href":"https:\/\/artesaudiovisuales.ugd.edu.ar\/index.php\/wp-json\/wp\/v2\/posts"}],"about":[{"href":"https:\/\/artesaudiovisuales.ugd.edu.ar\/index.php\/wp-json\/wp\/v2\/types\/post"}],"author":[{"embeddable":true,"href":"https:\/\/artesaudiovisuales.ugd.edu.ar\/index.php\/wp-json\/wp\/v2\/users\/2"}],"replies":[{"embeddable":true,"href":"https:\/\/artesaudiovisuales.ugd.edu.ar\/index.php\/wp-json\/wp\/v2\/comments?post=250"}],"version-history":[{"count":3,"href":"https:\/\/artesaudiovisuales.ugd.edu.ar\/index.php\/wp-json\/wp\/v2\/posts\/250\/revisions"}],"predecessor-version":[{"id":263,"href":"https:\/\/artesaudiovisuales.ugd.edu.ar\/index.php\/wp-json\/wp\/v2\/posts\/250\/revisions\/263"}],"wp:attachment":[{"href":"https:\/\/artesaudiovisuales.ugd.edu.ar\/index.php\/wp-json\/wp\/v2\/media?parent=250"}],"wp:term":[{"taxonomy":"category","embeddable":true,"href":"https:\/\/artesaudiovisuales.ugd.edu.ar\/index.php\/wp-json\/wp\/v2\/categories?post=250"},{"taxonomy":"post_tag","embeddable":true,"href":"https:\/\/artesaudiovisuales.ugd.edu.ar\/index.php\/wp-json\/wp\/v2\/tags?post=250"}],"curies":[{"name":"wp","href":"https:\/\/api.w.org\/{rel}","templated":true}]}}