{"id":265,"date":"2020-03-13T18:48:15","date_gmt":"2020-03-13T21:48:15","guid":{"rendered":"https:\/\/artesaudiovisuales.ugd.edu.ar\/?p=265"},"modified":"2020-03-13T18:48:15","modified_gmt":"2020-03-13T21:48:15","slug":"campana-de-prevencion-institucional-contra-el-coronavirus","status":"publish","type":"post","link":"https:\/\/artesaudiovisuales.ugd.edu.ar\/index.php\/2020\/03\/13\/campana-de-prevencion-institucional-contra-el-coronavirus\/","title":{"rendered":"CAMPA\u00d1A DE PREVENCI\u00d3N INSTITUCIONAL CONTRA EL CORONAVIRUS"},"content":{"rendered":"\n<h1><br><\/h1>\n\n\n\n<figure class=\"wp-block-image\"><img src=\"https:\/\/www.ugd.edu.ar\/images\/2020\/covid_imagen-web.png\" alt=\"\"\/><\/figure>\n\n\n\n<p><strong>La presente y extraordinaria situaci\u00f3n epidemiol\u00f3gica plantea la conveniencia de proponer y adoptar medidas excepcionales de car\u00e1cter preventivo con respecto al&nbsp;<em>coronavirus<\/em>&nbsp;. Raz\u00f3n por la cual la Universidad Gast\u00f3n Dachary ha decidido tomar cartas en el asunto.<\/strong><\/p>\n\n\n\n<p>Dentro de los fines y objetivos de la pol\u00edtica educativa nacional (art\u00edculo 11, inciso u) de la Ley 26.206), se encuentra la coordinaci\u00f3n de las pol\u00edticas de educaci\u00f3n con las de salud. Por ello, el Ministerio de Salud, en el marco de sus competencias, recomend\u00f3 el pasado viernes 6 de marzo adoptar medidas preventivas de car\u00e1cter general con respecto al&nbsp;<em>coronavirus<\/em>, particularmente en el \u00e1mbito educativo. &nbsp;Esto ata\u00f1er\u00eda a los establecimientos educativos de todos los niveles y modalidades del pa\u00eds, sean \u00e9stos de gesti\u00f3n estatal o privada, de educaci\u00f3n obligatoria o de educaci\u00f3n superior.<\/p>\n\n\n\n<p>&nbsp;Las recomendaciones de las medidas a adoptar fueron las siguientes:<\/p>\n\n\n\n<ol><li>Desarrollar las actividades escolares y acad\u00e9micas seg\u00fan los calendarios establecidos.<\/li><li>Reforzar las recomendaciones de prevenci\u00f3n de infecciones respiratorias:<\/li><\/ol>\n\n\n\n<ul><li>lavado de manos frecuente con agua y jab\u00f3n.<\/li><li>cubrirse la nariz y la boca con el pliegue-codo o usar un pa\u00f1uelo descartable al toser o estornudar.<\/li><li>usar el cesto de basura m\u00e1s cercano para desechar los pa\u00f1uelos utilizados.<\/li><li>ventilar los ambientes.<\/li><li>limpiar frecuentemente las superficies y los objetos que se usan con frecuencia.<\/li><\/ul>\n\n\n\n<ol><li>Ante la presencia de fiebre y s\u00edntomas respiratorios (tos, dolor de garganta o dificultad para respirar) se recomienda no asistir al establecimiento educativo.<\/li><li>En caso de estudiantes o personal de los establecimientos que regresen de viaje desde \u00e1reas con circulaci\u00f3n y transmisi\u00f3n de coronavirus (a la fecha los siguientes pa\u00edses: China, Corea del Sur, Jap\u00f3n, Ir\u00e1n, Italia, Espa\u00f1a, Francia y Alemania; y los que indicare el MINISTERIO DE SALUD) aunque no presenten s\u00edntomas, se sugiere que permanezcan en el domicilio sin concurrencia y evitar el contacto social por CATORCE (14) d\u00edas.<\/li><\/ol>\n\n\n\n<p>A los fines del cumplimiento del inciso d), se proceder\u00e1 a justificar las inasistencias tanto de los y las estudiantes, como del personal del establecimiento educativo, explicitando la causa y durante el plazo m\u00e1ximo previsto en el inciso d) descrito anteriormente.<\/p>\n\n\n\n<p>Las anteriores recomendaciones permitir\u00e1n tomar conciencia de lo que acontece y resguardar la salud de la comunidad educativa.<\/p>\n","protected":false},"excerpt":{"rendered":"<p>La presente y extraordinaria situaci\u00f3n epidemiol\u00f3gica plantea la conveniencia de proponer y adoptar medidas excepcionales de car\u00e1cter preventivo con respecto al&nbsp;coronavirus&nbsp;. Raz\u00f3n por la cual la Universidad Gast\u00f3n Dachary ha decidido tomar cartas en el asunto. Dentro de los fines y objetivos de la pol\u00edtica educativa nacional (art\u00edculo 11, inciso u) de la Ley 26.206), [&hellip;]<\/p>\n","protected":false},"author":2,"featured_media":0,"comment_status":"open","ping_status":"open","sticky":false,"template":"","format":"standard","meta":[],"categories":[1],"tags":[],"_links":{"self":[{"href":"https:\/\/artesaudiovisuales.ugd.edu.ar\/index.php\/wp-json\/wp\/v2\/posts\/265"}],"collection":[{"href":"https:\/\/artesaudiovisuales.ugd.edu.ar\/index.php\/wp-json\/wp\/v2\/posts"}],"about":[{"href":"https:\/\/artesaudiovisuales.ugd.edu.ar\/index.php\/wp-json\/wp\/v2\/types\/post"}],"author":[{"embeddable":true,"href":"https:\/\/artesaudiovisuales.ugd.edu.ar\/index.php\/wp-json\/wp\/v2\/users\/2"}],"replies":[{"embeddable":true,"href":"https:\/\/artesaudiovisuales.ugd.edu.ar\/index.php\/wp-json\/wp\/v2\/comments?post=265"}],"version-history":[{"count":1,"href":"https:\/\/artesaudiovisuales.ugd.edu.ar\/index.php\/wp-json\/wp\/v2\/posts\/265\/revisions"}],"predecessor-version":[{"id":266,"href":"https:\/\/artesaudiovisuales.ugd.edu.ar\/index.php\/wp-json\/wp\/v2\/posts\/265\/revisions\/266"}],"wp:attachment":[{"href":"https:\/\/artesaudiovisuales.ugd.edu.ar\/index.php\/wp-json\/wp\/v2\/media?parent=265"}],"wp:term":[{"taxonomy":"category","embeddable":true,"href":"https:\/\/artesaudiovisuales.ugd.edu.ar\/index.php\/wp-json\/wp\/v2\/categories?post=265"},{"taxonomy":"post_tag","embeddable":true,"href":"https:\/\/artesaudiovisuales.ugd.edu.ar\/index.php\/wp-json\/wp\/v2\/tags?post=265"}],"curies":[{"name":"wp","href":"https:\/\/api.w.org\/{rel}","templated":true}]}}