{"id":274,"date":"2020-03-23T21:29:34","date_gmt":"2020-03-24T00:29:34","guid":{"rendered":"https:\/\/artesaudiovisuales.ugd.edu.ar\/?p=274"},"modified":"2020-03-23T21:44:26","modified_gmt":"2020-03-24T00:44:26","slug":"que-mirar-durante-el-aislamiento-preventivo-obligatorio","status":"publish","type":"post","link":"https:\/\/artesaudiovisuales.ugd.edu.ar\/index.php\/2020\/03\/23\/que-mirar-durante-el-aislamiento-preventivo-obligatorio\/","title":{"rendered":"\u00bfQu\u00e9 mirar durante el aislamiento preventivo obligatorio?"},"content":{"rendered":"\n<p>Muchos de nosotros hoy tenemos el privilegio de atravesar este momento de aislamiento social desde la quietud de nuestras casas, muy distinto es el afuera de trabajadores imprescindibles que deben asegurarnos que podamos hoy preservarnos, y de aquellos en situaci\u00f3n de vulnerabilidad social.<\/p>\n\n\n\n<p>Esta oportunidad parece un excelente momento para ustedes estudiantes, que seguro ya saben que muchos directores y productoras han liberado sus contenidos para que podamos aprovechar este tiempo. En este posteo la idea es invitarles a recorrer el cine hecho por directores misioneros (y profes) el cual en general muy dif\u00edcil de acceder, por eso hice esta lista para que aprovechen y enriquezcan su visionado de cine <strong>de ac\u00e1<\/strong>. <\/p>\n\n\n\n<p>Queremos proponer en primer lugar obras de nuestros profes, si! <\/p>\n\n\n\n<p>El profe Diego Belloccio (Realizaci\u00f3n I) comparti\u00f3 sus obras:  En primer lugar P\u00e1lido Indicio (2008), realizado \u00edntegramente por PANDEMIA CONTENIDOS (s\u00ed, pandemia se llamaba la productora o sea m\u00e1s razones para verlo) abajo el link.<\/p>\n\n\n\n<figure class=\"wp-block-embed\"><div class=\"wp-block-embed__wrapper\">\n<iframe loading=\"lazy\" title=\"P&amp;aacute;lido indicio\" src=\"https:\/\/player.vimeo.com\/video\/13129883?h=f877fa488c&amp;dnt=1&amp;app_id=122963\" width=\"400\" height=\"300\" frameborder=\"0\" allow=\"autoplay; fullscreen; picture-in-picture\" allowfullscreen><\/iframe>\n<\/div><\/figure>\n\n\n\n<p>En segundo lugar, la serie de cuatro cap\u00edtulos de Historias Sin Cuentos, <\/p>\n\n\n\n<p><\/p>\n\n\n\n<figure class=\"wp-block-embed-youtube wp-block-embed is-type-video is-provider-youtube wp-embed-aspect-16-9 wp-has-aspect-ratio\"><div class=\"wp-block-embed__wrapper\">\n<iframe loading=\"lazy\" title=\"Historias Sin Cuentos - Cap 1 - Somos &quot;La Placita&quot;\" width=\"580\" height=\"326\" src=\"https:\/\/www.youtube.com\/embed\/wPGcHD5fJRA?feature=oembed\" frameborder=\"0\" allow=\"accelerometer; autoplay; clipboard-write; encrypted-media; gyroscope; picture-in-picture\" allowfullscreen title=\"Historias Sin Cuentos - Cap 1 - Somos \"La Placita\"\"><\/iframe>\n<\/div><\/figure>\n\n\n\n<figure class=\"wp-block-embed-youtube wp-block-embed is-type-video is-provider-youtube wp-embed-aspect-16-9 wp-has-aspect-ratio\"><div class=\"wp-block-embed__wrapper\">\n<iframe loading=\"lazy\" title=\"Historias Sin Cuentos - Cap 2 - &quot;Itat\u00ed&quot;\" width=\"580\" height=\"326\" src=\"https:\/\/www.youtube.com\/embed\/rHLslTabmW0?feature=oembed\" frameborder=\"0\" allow=\"accelerometer; autoplay; clipboard-write; encrypted-media; gyroscope; picture-in-picture\" allowfullscreen title=\"Historias Sin Cuentos - Cap 2 - \"Itat\u00ed\"\"><\/iframe>\n<\/div><\/figure>\n\n\n\n<figure class=\"wp-block-embed-youtube wp-block-embed is-type-video is-provider-youtube wp-embed-aspect-16-9 wp-has-aspect-ratio\"><div class=\"wp-block-embed__wrapper\">\nhttps:\/\/www.youtube.com\/watch?v=7vZyycVJSlk&#038;feature=youtu.be\n<\/div><\/figure>\n\n\n\n<figure class=\"wp-block-embed-youtube wp-block-embed is-type-video is-provider-youtube wp-embed-aspect-16-9 wp-has-aspect-ratio\"><div class=\"wp-block-embed__wrapper\">\n<iframe loading=\"lazy\" title=\"Historias Sin Cuentos - Cap 4 -  &quot;En el ojo de la tormenta&quot;\" width=\"580\" height=\"326\" src=\"https:\/\/www.youtube.com\/embed\/rD0yuo5g61Q?feature=oembed\" frameborder=\"0\" allow=\"accelerometer; autoplay; clipboard-write; encrypted-media; gyroscope; picture-in-picture\" allowfullscreen title=\"Historias Sin Cuentos - Cap 4 -  \"En el ojo de la tormenta\"\"><\/iframe>\n<\/div><\/figure>\n\n\n\n<p>En tercer lugar, (Belloccio cont.) Otro extremo, Misiones (2016). J\u00f3venes abocados a deportes extremos nos invitan a conocer la Provincia de Misiones y los pa\u00edses con los que limita, Paraguay y Brasil, de una manera muy particular: skate, wakeboard, BMX, kitesurf y longboard, entre otros, son el medio de transporte de quienes recorren la provincia y cruzan las fronteras. As\u00ed nos acercan sus historias de vida, sus vivencias y tambi\u00e9n sus oficios, trabajos y percepciones del mundo.<\/p>\n\n\n\n<p><\/p>\n\n\n\n<figure class=\"wp-block-embed-youtube wp-block-embed is-type-video is-provider-youtube wp-embed-aspect-16-9 wp-has-aspect-ratio\"><div class=\"wp-block-embed__wrapper\">\nhttps:\/\/www.youtube.com\/playlist?list=PLZ6TIj4tHEIvGnOout2ZPlL3_YRxUBt3T\n<\/div><\/figure>\n\n\n\n<p>Y \u00faltimo trabajo que nos pas\u00f3 el profe pero no por eso el menos importante: RESPIRO. \u201cUn hombre lleva algo sangrando dentro de una bolsa. Otro hombre espera ese elemento para terminar un ritual ofreciendo el vientre de una joven al demonio cabeza de cabra para engendrar al futuro anticristo\u201d<\/p>\n\n\n\n<figure class=\"wp-block-embed-youtube wp-block-embed is-type-video is-provider-youtube wp-embed-aspect-16-9 wp-has-aspect-ratio\"><div class=\"wp-block-embed__wrapper\">\n<iframe loading=\"lazy\" title=\"RESPIRO\" width=\"580\" height=\"326\" src=\"https:\/\/www.youtube.com\/embed\/0lF9GSEZMqA?feature=oembed\" frameborder=\"0\" allow=\"accelerometer; autoplay; clipboard-write; encrypted-media; gyroscope; picture-in-picture\" allowfullscreen><\/iframe>\n<\/div><\/figure>\n\n\n\n<p>La profe Fremdina Bianco, tambi\u00e9n nos comparti\u00f3 su trabajo, esta pel\u00edcula se film\u00f3 en Super 16mm , en la provincia de Misiones, entre el 2011 y el 2012 y tiene una duraci\u00f3n de 60 min<\/p>\n\n\n\n<p>Sinopsis. Ana se mira al espejo al tiempo que Silvia la peina. El despertar de su sexualidad llega tarde y el mundo que la rodea no la deja pensar. Silvia resiste el calor de su rutina y busca alguna forma de amor para atravesar el d\u00eda.<\/p>\n\n\n\n<p>el link abajo <\/p>\n\n\n\n<figure class=\"wp-block-embed\"><div class=\"wp-block-embed__wrapper\">\n<iframe loading=\"lazy\" title=\"NO HAY TIERRA SIN MAL &amp;middot; 2014\" src=\"https:\/\/player.vimeo.com\/video\/398994744?h=ff54ac74aa&amp;dnt=1&amp;app_id=122963\" width=\"580\" height=\"314\" frameborder=\"0\" allow=\"autoplay; fullscreen; picture-in-picture\" allowfullscreen><\/iframe>\n<\/div><\/figure>\n\n\n\n<p>El profe Sergio Acosta y la serie Manduricio. La serie creaci\u00f3n del profe de Gui\u00f3n I y Gui\u00f3n III.<\/p>\n\n\n\n<p>Sinopsis. Manduricio, un trabajador rural de apariencia d\u00f3cil, abandona a su mujer sin dar explicaciones&nbsp;y&nbsp;va en busca de su padre, a quien no ve hace a\u00f1os. Mientras Castel, un investigador reci\u00e9n llegado de Buenos Aires, sigue el reguero de sangre que deja en el camino e intentar\u00e1 detenerlo antes de llegar a destino.<\/p>\n\n\n\n<figure class=\"wp-block-embed\"><div class=\"wp-block-embed__wrapper\">\nhttps:\/\/transmedia.unam.edu.ar\/manduricio\/?fbclid=IwAR1WIdEWyrg8qLTe7r70Wx3v29kXidc1r830yLhEtze2eeZI3o9EgiSIReQ\n<\/div><\/figure>\n\n\n\n<p>En esta cuarentena, #QuedateEnCasa, #Mir\u00e1CineArgentino y  #CineHechoPorMujeres y #Descubr\u00edCineMisionero!<\/p>\n\n\n\n<p>Coment\u00e1 si conoces m\u00e1s pel\u00edculas de ac\u00e1, para que sigamos mirando todxs!<\/p>\n\n\n\n<p><\/p>\n\n\n\n<p><\/p>\n","protected":false},"excerpt":{"rendered":"<p>Muchos de nosotros hoy tenemos el privilegio de atravesar este momento de aislamiento social desde la quietud de nuestras casas, muy distinto es el afuera de trabajadores imprescindibles que deben asegurarnos que podamos hoy preservarnos, y de aquellos en situaci\u00f3n de vulnerabilidad social. Esta oportunidad parece un excelente momento para ustedes estudiantes, que seguro ya [&hellip;]<\/p>\n","protected":false},"author":2,"featured_media":0,"comment_status":"open","ping_status":"open","sticky":false,"template":"","format":"standard","meta":[],"categories":[1],"tags":[],"_links":{"self":[{"href":"https:\/\/artesaudiovisuales.ugd.edu.ar\/index.php\/wp-json\/wp\/v2\/posts\/274"}],"collection":[{"href":"https:\/\/artesaudiovisuales.ugd.edu.ar\/index.php\/wp-json\/wp\/v2\/posts"}],"about":[{"href":"https:\/\/artesaudiovisuales.ugd.edu.ar\/index.php\/wp-json\/wp\/v2\/types\/post"}],"author":[{"embeddable":true,"href":"https:\/\/artesaudiovisuales.ugd.edu.ar\/index.php\/wp-json\/wp\/v2\/users\/2"}],"replies":[{"embeddable":true,"href":"https:\/\/artesaudiovisuales.ugd.edu.ar\/index.php\/wp-json\/wp\/v2\/comments?post=274"}],"version-history":[{"count":10,"href":"https:\/\/artesaudiovisuales.ugd.edu.ar\/index.php\/wp-json\/wp\/v2\/posts\/274\/revisions"}],"predecessor-version":[{"id":284,"href":"https:\/\/artesaudiovisuales.ugd.edu.ar\/index.php\/wp-json\/wp\/v2\/posts\/274\/revisions\/284"}],"wp:attachment":[{"href":"https:\/\/artesaudiovisuales.ugd.edu.ar\/index.php\/wp-json\/wp\/v2\/media?parent=274"}],"wp:term":[{"taxonomy":"category","embeddable":true,"href":"https:\/\/artesaudiovisuales.ugd.edu.ar\/index.php\/wp-json\/wp\/v2\/categories?post=274"},{"taxonomy":"post_tag","embeddable":true,"href":"https:\/\/artesaudiovisuales.ugd.edu.ar\/index.php\/wp-json\/wp\/v2\/tags?post=274"}],"curies":[{"name":"wp","href":"https:\/\/api.w.org\/{rel}","templated":true}]}}