{"id":295,"date":"2020-06-02T15:40:51","date_gmt":"2020-06-02T18:40:51","guid":{"rendered":"https:\/\/artesaudiovisuales.ugd.edu.ar\/?p=295"},"modified":"2020-06-02T15:57:12","modified_gmt":"2020-06-02T18:57:12","slug":"cine-en-brutalks-con-montecine","status":"publish","type":"post","link":"https:\/\/artesaudiovisuales.ugd.edu.ar\/index.php\/2020\/06\/02\/cine-en-brutalks-con-montecine\/","title":{"rendered":"Cine en Brutalks con Montecine"},"content":{"rendered":"\n<p>La productora de contenidos Brutal Creativos, comenz\u00f3 hace varias semanas un ciclo de charlas y programas de emisi\u00f3n en vivo que recomendamos pasen a mirar. Los temas que se tocan son varios: cine, m\u00fasica, arte, ecolog\u00eda, etc. Hubo un d\u00eda dedicado al cine y los invitamos a revivir la entrevista que realizaron a los docentes: Yamila Barnasphol y Diego Belloccio, con la compa\u00f1\u00eda de quien les escribe. El ciclo contin\u00faa cada semana!<\/p>\n\n\n\n<figure class=\"wp-block-image\"><img loading=\"lazy\" width=\"1024\" height=\"572\" src=\"https:\/\/artesaudiovisuales.ugd.edu.ar\/wp-content\/uploads\/2020\/06\/Captura-de-pantalla-2020-06-02-a-las-15.55.10-1024x572.png\" alt=\"\" class=\"wp-image-303\" srcset=\"https:\/\/artesaudiovisuales.ugd.edu.ar\/wp-content\/uploads\/2020\/06\/Captura-de-pantalla-2020-06-02-a-las-15.55.10-1024x572.png 1024w, https:\/\/artesaudiovisuales.ugd.edu.ar\/wp-content\/uploads\/2020\/06\/Captura-de-pantalla-2020-06-02-a-las-15.55.10-300x168.png 300w, https:\/\/artesaudiovisuales.ugd.edu.ar\/wp-content\/uploads\/2020\/06\/Captura-de-pantalla-2020-06-02-a-las-15.55.10-768x429.png 768w, https:\/\/artesaudiovisuales.ugd.edu.ar\/wp-content\/uploads\/2020\/06\/Captura-de-pantalla-2020-06-02-a-las-15.55.10.png 1114w\" sizes=\"(max-width: 1024px) 100vw, 1024px\" \/><figcaption><a href=\"https:\/\/www.facebook.com\/brutalcreativos\/videos\/242921553430130\/\">Link aqu\u00ed<\/a><br><br><\/figcaption><\/figure>\n\n\n\n<p><a href=\"http:\/\/ https:\/\/bit.ly\/3eKBwWo\">Ac\u00e1 Todas las Brutalks <\/a><\/p>\n","protected":false},"excerpt":{"rendered":"<p>La productora de contenidos Brutal Creativos, comenz\u00f3 hace varias semanas un ciclo de charlas y programas de emisi\u00f3n en vivo que recomendamos pasen a mirar. Los temas que se tocan son varios: cine, m\u00fasica, arte, ecolog\u00eda, etc. Hubo un d\u00eda dedicado al cine y los invitamos a revivir la entrevista que realizaron a los docentes: [&hellip;]<\/p>\n","protected":false},"author":2,"featured_media":0,"comment_status":"open","ping_status":"open","sticky":false,"template":"","format":"standard","meta":[],"categories":[1],"tags":[],"_links":{"self":[{"href":"https:\/\/artesaudiovisuales.ugd.edu.ar\/index.php\/wp-json\/wp\/v2\/posts\/295"}],"collection":[{"href":"https:\/\/artesaudiovisuales.ugd.edu.ar\/index.php\/wp-json\/wp\/v2\/posts"}],"about":[{"href":"https:\/\/artesaudiovisuales.ugd.edu.ar\/index.php\/wp-json\/wp\/v2\/types\/post"}],"author":[{"embeddable":true,"href":"https:\/\/artesaudiovisuales.ugd.edu.ar\/index.php\/wp-json\/wp\/v2\/users\/2"}],"replies":[{"embeddable":true,"href":"https:\/\/artesaudiovisuales.ugd.edu.ar\/index.php\/wp-json\/wp\/v2\/comments?post=295"}],"version-history":[{"count":2,"href":"https:\/\/artesaudiovisuales.ugd.edu.ar\/index.php\/wp-json\/wp\/v2\/posts\/295\/revisions"}],"predecessor-version":[{"id":304,"href":"https:\/\/artesaudiovisuales.ugd.edu.ar\/index.php\/wp-json\/wp\/v2\/posts\/295\/revisions\/304"}],"wp:attachment":[{"href":"https:\/\/artesaudiovisuales.ugd.edu.ar\/index.php\/wp-json\/wp\/v2\/media?parent=295"}],"wp:term":[{"taxonomy":"category","embeddable":true,"href":"https:\/\/artesaudiovisuales.ugd.edu.ar\/index.php\/wp-json\/wp\/v2\/categories?post=295"},{"taxonomy":"post_tag","embeddable":true,"href":"https:\/\/artesaudiovisuales.ugd.edu.ar\/index.php\/wp-json\/wp\/v2\/tags?post=295"}],"curies":[{"name":"wp","href":"https:\/\/api.w.org\/{rel}","templated":true}]}}