{"id":296,"date":"2020-06-02T15:40:58","date_gmt":"2020-06-02T18:40:58","guid":{"rendered":"https:\/\/artesaudiovisuales.ugd.edu.ar\/?p=296"},"modified":"2020-06-02T16:00:19","modified_gmt":"2020-06-02T19:00:19","slug":"cineastas-recomiendan-ciclo-organizado-por-vecinas-cine","status":"publish","type":"post","link":"https:\/\/artesaudiovisuales.ugd.edu.ar\/index.php\/2020\/06\/02\/cineastas-recomiendan-ciclo-organizado-por-vecinas-cine\/","title":{"rendered":"&#8220;Cineastas Recomiendan&#8221; ciclo organizado por Vecinas Cine."},"content":{"rendered":"\n<p>Vecinas cine una productora misionera que tiene como fundadora a la docente Fremdina Bianco, organiza un ciclo de Instagram Lives para que puedan conocer a j\u00f3venes directores y conozcan qu\u00e9 pel\u00edculas recomiendan para mirar mientras contin\u00faa esta cuarentena. Este jueves a las 20 hs. (hora Argentina) nos encontramos en un nuevo Vivo del Ciclo&nbsp;<a href=\"https:\/\/www.instagram.com\/explore\/tags\/cineastasrecomiendan\/\">#CineastasRecomiendan<\/a>&nbsp;para hablar de cine de la mano de Nicol\u00e1s Dolensky. Director y guionista del cortometraje \u201cLa Donna\u201d, protagonizado por Erica Rivas y Claudio Tolcachir; nominado a los premios C\u00f3ndor como mejor cortometraje. Compiti\u00f3 en el 28 Festival Internacional de Cine de Mar del Plata, y en el Festival de Biarritz Am\u00e9rique Latine (Francia). La Donna form\u00f3 de parte de aproximadamente 80 festivales y encuentros cinematogr\u00e1ficos en el mundo y gano alrededor de 20 premios. <\/p>\n\n\n\n<figure class=\"wp-block-image\"><img loading=\"lazy\" width=\"1005\" height=\"1024\" src=\"https:\/\/artesaudiovisuales.ugd.edu.ar\/wp-content\/uploads\/2020\/06\/Captura-de-pantalla-2020-06-02-a-las-15.58.15-1-1005x1024.png\" alt=\"\" class=\"wp-image-307\" srcset=\"https:\/\/artesaudiovisuales.ugd.edu.ar\/wp-content\/uploads\/2020\/06\/Captura-de-pantalla-2020-06-02-a-las-15.58.15-1-1005x1024.png 1005w, https:\/\/artesaudiovisuales.ugd.edu.ar\/wp-content\/uploads\/2020\/06\/Captura-de-pantalla-2020-06-02-a-las-15.58.15-1-294x300.png 294w, https:\/\/artesaudiovisuales.ugd.edu.ar\/wp-content\/uploads\/2020\/06\/Captura-de-pantalla-2020-06-02-a-las-15.58.15-1-768x783.png 768w, https:\/\/artesaudiovisuales.ugd.edu.ar\/wp-content\/uploads\/2020\/06\/Captura-de-pantalla-2020-06-02-a-las-15.58.15-1.png 1160w\" sizes=\"(max-width: 1005px) 100vw, 1005px\" \/><figcaption><a href=\"https:\/\/www.instagram.com\/p\/CA5T9HQgD_b\/\">https:\/\/www.instagram.com\/p\/CA5T9HQgD_b\/<\/a><\/figcaption><\/figure>\n\n\n\n<p>M\u00e1s info ac\u00e1 https:\/\/www.instagram.com\/p\/CA5T9HQgD_b\/ <br><a href=\"https:\/\/www.instagram.com\/explore\/tags\/cineargentino\/\">#CineArgentino<\/a><a href=\"https:\/\/www.instagram.com\/explore\/tags\/film\/\"><\/a><\/p>\n","protected":false},"excerpt":{"rendered":"<p>Vecinas cine una productora misionera que tiene como fundadora a la docente Fremdina Bianco, organiza un ciclo de Instagram Lives para que puedan conocer a j\u00f3venes directores y conozcan qu\u00e9 pel\u00edculas recomiendan para mirar mientras contin\u00faa esta cuarentena. Este jueves a las 20 hs. (hora Argentina) nos encontramos en un nuevo Vivo del Ciclo&nbsp;#CineastasRecomiendan&nbsp;para hablar [&hellip;]<\/p>\n","protected":false},"author":2,"featured_media":0,"comment_status":"open","ping_status":"open","sticky":false,"template":"","format":"standard","meta":[],"categories":[1],"tags":[],"_links":{"self":[{"href":"https:\/\/artesaudiovisuales.ugd.edu.ar\/index.php\/wp-json\/wp\/v2\/posts\/296"}],"collection":[{"href":"https:\/\/artesaudiovisuales.ugd.edu.ar\/index.php\/wp-json\/wp\/v2\/posts"}],"about":[{"href":"https:\/\/artesaudiovisuales.ugd.edu.ar\/index.php\/wp-json\/wp\/v2\/types\/post"}],"author":[{"embeddable":true,"href":"https:\/\/artesaudiovisuales.ugd.edu.ar\/index.php\/wp-json\/wp\/v2\/users\/2"}],"replies":[{"embeddable":true,"href":"https:\/\/artesaudiovisuales.ugd.edu.ar\/index.php\/wp-json\/wp\/v2\/comments?post=296"}],"version-history":[{"count":3,"href":"https:\/\/artesaudiovisuales.ugd.edu.ar\/index.php\/wp-json\/wp\/v2\/posts\/296\/revisions"}],"predecessor-version":[{"id":308,"href":"https:\/\/artesaudiovisuales.ugd.edu.ar\/index.php\/wp-json\/wp\/v2\/posts\/296\/revisions\/308"}],"wp:attachment":[{"href":"https:\/\/artesaudiovisuales.ugd.edu.ar\/index.php\/wp-json\/wp\/v2\/media?parent=296"}],"wp:term":[{"taxonomy":"category","embeddable":true,"href":"https:\/\/artesaudiovisuales.ugd.edu.ar\/index.php\/wp-json\/wp\/v2\/categories?post=296"},{"taxonomy":"post_tag","embeddable":true,"href":"https:\/\/artesaudiovisuales.ugd.edu.ar\/index.php\/wp-json\/wp\/v2\/tags?post=296"}],"curies":[{"name":"wp","href":"https:\/\/api.w.org\/{rel}","templated":true}]}}