{"id":299,"date":"2020-06-02T15:51:57","date_gmt":"2020-06-02T18:51:57","guid":{"rendered":"https:\/\/artesaudiovisuales.ugd.edu.ar\/?p=299"},"modified":"2020-06-02T15:51:57","modified_gmt":"2020-06-02T18:51:57","slug":"adf-presenta-un-nuevo-ciclo-de-charlas-por-instagram-live","status":"publish","type":"post","link":"https:\/\/artesaudiovisuales.ugd.edu.ar\/index.php\/2020\/06\/02\/adf-presenta-un-nuevo-ciclo-de-charlas-por-instagram-live\/","title":{"rendered":"ADF presenta un nuevo ciclo de charlas por Instagram Live."},"content":{"rendered":"\n\n\n<p>ADF (Asociacion de Autores de Fotograf\u00eda Cinematogr\u00e1fica Argentina) realiza este maravilloso ciclo de charlas que intentar\u00e1 acercar al p\u00fablico el trabajo de lxs Directores de Fotograf\u00eda.<\/p>\n\n\n\n<p>El ciclo contar\u00e1 con diferentes referentes del \u00e1mbito audiovisual y de la industria cinematogr\u00e1fica cont\u00e1ndonos sus experiencias y compartiendo sus conocimientos.<\/p>\n\n\n\n<p>El miercoles 29 de Abril cont\u00f3 con la presencia de el docente\u00a0<a rel=\"noreferrer noopener\" href=\"https:\/\/www.imdb.com\/name\/nm1374547\/\" target=\"_blank\">Gustavo Biazzi<\/a> que estuvo acompa\u00f1ado de\u00a0<a rel=\"noreferrer noopener\" href=\"https:\/\/www.imdb.com\/name\/nm3394339\/?ref_=fn_al_nm_1\" target=\"_blank\">Germ\u00e1n Nocella<\/a>\u00a0qui\u00e9n preside la\u00a0<a rel=\"noreferrer noopener\" href=\"https:\/\/scucine.com\/\" target=\"_blank\">Sociedad de Cinematograf\u00eda del Uruguay (SCU)<\/a>.<\/p>\n\n\n\n<p>Las charlas sigan as\u00ed que est\u00e9n atentos, ac\u00e1 el link: https:\/\/www.instagram.com\/adfargentina\/<\/p>\n\n\n\n<p><\/p>\n\n\n\n<figure class=\"wp-block-image\"><img loading=\"lazy\" width=\"1024\" height=\"1024\" src=\"https:\/\/artesaudiovisuales.ugd.edu.ar\/wp-content\/uploads\/2020\/06\/WhatsApp-Image-2020-04-28-at-16.18.51-1-1024x1024.jpeg\" alt=\"\" class=\"wp-image-301\" srcset=\"https:\/\/artesaudiovisuales.ugd.edu.ar\/wp-content\/uploads\/2020\/06\/WhatsApp-Image-2020-04-28-at-16.18.51-1-1024x1024.jpeg 1024w, https:\/\/artesaudiovisuales.ugd.edu.ar\/wp-content\/uploads\/2020\/06\/WhatsApp-Image-2020-04-28-at-16.18.51-1-150x150.jpeg 150w, https:\/\/artesaudiovisuales.ugd.edu.ar\/wp-content\/uploads\/2020\/06\/WhatsApp-Image-2020-04-28-at-16.18.51-1-300x300.jpeg 300w, https:\/\/artesaudiovisuales.ugd.edu.ar\/wp-content\/uploads\/2020\/06\/WhatsApp-Image-2020-04-28-at-16.18.51-1-768x767.jpeg 768w, https:\/\/artesaudiovisuales.ugd.edu.ar\/wp-content\/uploads\/2020\/06\/WhatsApp-Image-2020-04-28-at-16.18.51-1.jpeg 1280w\" sizes=\"(max-width: 1024px) 100vw, 1024px\" \/><\/figure>\n","protected":false},"excerpt":{"rendered":"<p>ADF (Asociacion de Autores de Fotograf\u00eda Cinematogr\u00e1fica Argentina) realiza este maravilloso ciclo de charlas que intentar\u00e1 acercar al p\u00fablico el trabajo de lxs Directores de Fotograf\u00eda. El ciclo contar\u00e1 con diferentes referentes del \u00e1mbito audiovisual y de la industria cinematogr\u00e1fica cont\u00e1ndonos sus experiencias y compartiendo sus conocimientos. El miercoles 29 de Abril cont\u00f3 con la [&hellip;]<\/p>\n","protected":false},"author":2,"featured_media":0,"comment_status":"open","ping_status":"open","sticky":false,"template":"","format":"standard","meta":[],"categories":[1],"tags":[],"_links":{"self":[{"href":"https:\/\/artesaudiovisuales.ugd.edu.ar\/index.php\/wp-json\/wp\/v2\/posts\/299"}],"collection":[{"href":"https:\/\/artesaudiovisuales.ugd.edu.ar\/index.php\/wp-json\/wp\/v2\/posts"}],"about":[{"href":"https:\/\/artesaudiovisuales.ugd.edu.ar\/index.php\/wp-json\/wp\/v2\/types\/post"}],"author":[{"embeddable":true,"href":"https:\/\/artesaudiovisuales.ugd.edu.ar\/index.php\/wp-json\/wp\/v2\/users\/2"}],"replies":[{"embeddable":true,"href":"https:\/\/artesaudiovisuales.ugd.edu.ar\/index.php\/wp-json\/wp\/v2\/comments?post=299"}],"version-history":[{"count":1,"href":"https:\/\/artesaudiovisuales.ugd.edu.ar\/index.php\/wp-json\/wp\/v2\/posts\/299\/revisions"}],"predecessor-version":[{"id":302,"href":"https:\/\/artesaudiovisuales.ugd.edu.ar\/index.php\/wp-json\/wp\/v2\/posts\/299\/revisions\/302"}],"wp:attachment":[{"href":"https:\/\/artesaudiovisuales.ugd.edu.ar\/index.php\/wp-json\/wp\/v2\/media?parent=299"}],"wp:term":[{"taxonomy":"category","embeddable":true,"href":"https:\/\/artesaudiovisuales.ugd.edu.ar\/index.php\/wp-json\/wp\/v2\/categories?post=299"},{"taxonomy":"post_tag","embeddable":true,"href":"https:\/\/artesaudiovisuales.ugd.edu.ar\/index.php\/wp-json\/wp\/v2\/tags?post=299"}],"curies":[{"name":"wp","href":"https:\/\/api.w.org\/{rel}","templated":true}]}}