{"id":310,"date":"2020-09-02T15:03:47","date_gmt":"2020-09-02T18:03:47","guid":{"rendered":"https:\/\/artesaudiovisuales.ugd.edu.ar\/?p=310"},"modified":"2020-09-02T15:03:47","modified_gmt":"2020-09-02T18:03:47","slug":"hola-ugd-charla-informativa-sobre-la-lic-en-artes-audiovisuales","status":"publish","type":"post","link":"https:\/\/artesaudiovisuales.ugd.edu.ar\/index.php\/2020\/09\/02\/hola-ugd-charla-informativa-sobre-la-lic-en-artes-audiovisuales\/","title":{"rendered":"&#8220;Hola UGD!&#8221;. Charla informativa sobre la Lic. en Artes Audiovisuales"},"content":{"rendered":"\n<p>Pr\u00f3ximos al ingreso 2021, la UGD organiz\u00f3 un ciclo de charlas en vivo \u201cHola UGD!\u201d en donde estuvieron presentes quienes coordinan las diferentes carreras que ofrece la Universidad, ampliando informaci\u00f3n y respondiendo las inquietudes que surjan respecto a los ejes expuestos.  La lic. en artes audiovisuales particip\u00f3 con la presencia de Sonia Abi\u00e1n, que nos introduce en el mundo del audiovisual.<\/p>\n\n\n\n<figure class=\"wp-block-embed-youtube wp-block-embed\"><div class=\"wp-block-embed__wrapper\">\n<iframe loading=\"lazy\" title=\"Hola UGD! Charla informativa sobre la Lic. en Artes Audiovisuales\" width=\"580\" height=\"326\" src=\"https:\/\/www.youtube.com\/embed\/MsNnZ_38osM?start=733&#038;feature=oembed\" frameborder=\"0\" allow=\"accelerometer; autoplay; clipboard-write; encrypted-media; gyroscope; picture-in-picture\" allowfullscreen><\/iframe>\n<\/div><\/figure>\n","protected":false},"excerpt":{"rendered":"<p>Pr\u00f3ximos al ingreso 2021, la UGD organiz\u00f3 un ciclo de charlas en vivo \u201cHola UGD!\u201d en donde estuvieron presentes quienes coordinan las diferentes carreras que ofrece la Universidad, ampliando informaci\u00f3n y respondiendo las inquietudes que surjan respecto a los ejes expuestos. La lic. en artes audiovisuales particip\u00f3 con la presencia de Sonia Abi\u00e1n, que nos [&hellip;]<\/p>\n","protected":false},"author":2,"featured_media":0,"comment_status":"open","ping_status":"open","sticky":false,"template":"","format":"standard","meta":[],"categories":[1],"tags":[],"_links":{"self":[{"href":"https:\/\/artesaudiovisuales.ugd.edu.ar\/index.php\/wp-json\/wp\/v2\/posts\/310"}],"collection":[{"href":"https:\/\/artesaudiovisuales.ugd.edu.ar\/index.php\/wp-json\/wp\/v2\/posts"}],"about":[{"href":"https:\/\/artesaudiovisuales.ugd.edu.ar\/index.php\/wp-json\/wp\/v2\/types\/post"}],"author":[{"embeddable":true,"href":"https:\/\/artesaudiovisuales.ugd.edu.ar\/index.php\/wp-json\/wp\/v2\/users\/2"}],"replies":[{"embeddable":true,"href":"https:\/\/artesaudiovisuales.ugd.edu.ar\/index.php\/wp-json\/wp\/v2\/comments?post=310"}],"version-history":[{"count":1,"href":"https:\/\/artesaudiovisuales.ugd.edu.ar\/index.php\/wp-json\/wp\/v2\/posts\/310\/revisions"}],"predecessor-version":[{"id":311,"href":"https:\/\/artesaudiovisuales.ugd.edu.ar\/index.php\/wp-json\/wp\/v2\/posts\/310\/revisions\/311"}],"wp:attachment":[{"href":"https:\/\/artesaudiovisuales.ugd.edu.ar\/index.php\/wp-json\/wp\/v2\/media?parent=310"}],"wp:term":[{"taxonomy":"category","embeddable":true,"href":"https:\/\/artesaudiovisuales.ugd.edu.ar\/index.php\/wp-json\/wp\/v2\/categories?post=310"},{"taxonomy":"post_tag","embeddable":true,"href":"https:\/\/artesaudiovisuales.ugd.edu.ar\/index.php\/wp-json\/wp\/v2\/tags?post=310"}],"curies":[{"name":"wp","href":"https:\/\/api.w.org\/{rel}","templated":true}]}}