{"id":321,"date":"2020-09-02T18:45:50","date_gmt":"2020-09-02T21:45:50","guid":{"rendered":"https:\/\/artesaudiovisuales.ugd.edu.ar\/?p=321"},"modified":"2020-09-10T15:47:49","modified_gmt":"2020-09-10T18:47:49","slug":"repensar-las-imagenes-taller-de-apropiacion-y-remontaje","status":"publish","type":"post","link":"https:\/\/artesaudiovisuales.ugd.edu.ar\/index.php\/2020\/09\/02\/repensar-las-imagenes-taller-de-apropiacion-y-remontaje\/","title":{"rendered":"Repensar las im\u00e1genes -Taller de apropiaci\u00f3n y remontaje"},"content":{"rendered":"\n<p><\/p>\n\n\n\n<p>Se encuentra abierta la inscripci\u00f3n a este workshop online te\u00f3rico practico  \u00a0a cargo de la realizadora Florencia Aliberti, que tendr\u00e1 lugar el 23, 24 y 30 de septiembre 2020. La iniciativa \u00a0forma parte de la muestra actual del Espacio de Arte de la universidad Gast\u00f3n Dachary \u201cCollages, <em>found-footage<\/em> y otros pastiches\u201d y se desarrollar\u00e1 de forma virtual a trav\u00e9s de la p\u00e1gina web de dicho espacio con el apoyo del Instituto de Artes Audiovisuales de Misiones.<\/p>\n\n\n\n<p>El workshop propone la exploraci\u00f3n de metodolog\u00edas de <em>found footage<\/em>, tambi\u00e9n llamado \u201cmetraje encontrado\u201d, que consiste en una t\u00e9cnica narrativa basada en la apropiaci\u00f3n y reutilizaci\u00f3n de im\u00e1genes. Esta pr\u00e1ctica de reciclaje de im\u00e1genes forma parte de la tradici\u00f3n del cine y v\u00eddeo experimentales, y se presenta de forma ineludible en la era digital donde la hiper- producci\u00f3n de contenidos le confiere una nueva dimensi\u00f3n. Resituar las im\u00e1genes en otro contexto, abre posibilidades de relectura cr\u00edtica de ellas y de los archivos que las contienen.<\/p>\n\n\n\n<figure class=\"wp-block-image\"><img loading=\"lazy\" width=\"600\" height=\"450\" src=\"https:\/\/artesaudiovisuales.ugd.edu.ar\/wp-content\/uploads\/2020\/09\/Frames0019-1.jpg\" alt=\"\" class=\"wp-image-328\" srcset=\"https:\/\/artesaudiovisuales.ugd.edu.ar\/wp-content\/uploads\/2020\/09\/Frames0019-1.jpg 600w, https:\/\/artesaudiovisuales.ugd.edu.ar\/wp-content\/uploads\/2020\/09\/Frames0019-1-300x225.jpg 300w\" sizes=\"(max-width: 600px) 100vw, 600px\" \/><figcaption>  <\/figcaption><\/figure>\n\n\n\n<ul class=\"wp-container-2 wp-block-gallery-1 wp-block-gallery columns-1 is-cropped\"><li class=\"blocks-gallery-item\"><figure><img loading=\"lazy\" width=\"600\" height=\"489\" src=\"https:\/\/artesaudiovisuales.ugd.edu.ar\/wp-content\/uploads\/2020\/09\/Frames0002.jpg\" alt=\"\" data-id=\"323\" data-link=\"https:\/\/artesaudiovisuales.ugd.edu.ar\/?attachment_id=323\" class=\"wp-image-323\" srcset=\"https:\/\/artesaudiovisuales.ugd.edu.ar\/wp-content\/uploads\/2020\/09\/Frames0002.jpg 600w, https:\/\/artesaudiovisuales.ugd.edu.ar\/wp-content\/uploads\/2020\/09\/Frames0002-300x245.jpg 300w\" sizes=\"(max-width: 600px) 100vw, 600px\" \/><\/figure><\/li><\/ul>\n\n\n\n<pre class=\"wp-block-preformatted\">Stills del cortometraje en s\u00faper 8 Variaciones sobre Alicia. Est\u00e1 realizado a partir del reciclaje de dos pel\u00edculas, una animaci\u00f3n infantil de Disney y una pel\u00edcula pornogr\u00e1fica y busca poner en relaci\u00f3n dos g\u00e9neros opuestos pero que tienen cierto car\u00e1cter \"pedag\u00f3gico\" com\u00fan. El metraje est\u00e1 manipulado e intervenido manualmente, experimentando con colores y texturas.<br><br>FluxClub, Bcn 2012. BAFICI (Buenos Aires Festival Internacional de Cine Independiente, 2012 - competencia oficial). 3ra Mostra Super 8 Barcelona (2012) L'alternativa (Barcelona, 2011) <\/pre>\n\n\n\n<p>M\u00e1s informaci\u00f3n: <a href=\"https:\/\/www.ugd.edu.ar\/arte\">https:\/\/www.ugd.edu.ar\/arte<\/a><\/p>\n\n\n\n<p>Inscripciones en: informes@ugd.edu.ar<\/p>\n","protected":false},"excerpt":{"rendered":"<p>Se encuentra abierta la inscripci\u00f3n a este workshop online te\u00f3rico practico \u00a0a cargo de la realizadora Florencia Aliberti, que tendr\u00e1 lugar el 23, 24 y 30 de septiembre 2020. La iniciativa \u00a0forma parte de la muestra actual del Espacio de Arte de la universidad Gast\u00f3n Dachary \u201cCollages, found-footage y otros pastiches\u201d y se desarrollar\u00e1 de [&hellip;]<\/p>\n","protected":false},"author":2,"featured_media":0,"comment_status":"open","ping_status":"open","sticky":false,"template":"","format":"standard","meta":[],"categories":[1],"tags":[],"_links":{"self":[{"href":"https:\/\/artesaudiovisuales.ugd.edu.ar\/index.php\/wp-json\/wp\/v2\/posts\/321"}],"collection":[{"href":"https:\/\/artesaudiovisuales.ugd.edu.ar\/index.php\/wp-json\/wp\/v2\/posts"}],"about":[{"href":"https:\/\/artesaudiovisuales.ugd.edu.ar\/index.php\/wp-json\/wp\/v2\/types\/post"}],"author":[{"embeddable":true,"href":"https:\/\/artesaudiovisuales.ugd.edu.ar\/index.php\/wp-json\/wp\/v2\/users\/2"}],"replies":[{"embeddable":true,"href":"https:\/\/artesaudiovisuales.ugd.edu.ar\/index.php\/wp-json\/wp\/v2\/comments?post=321"}],"version-history":[{"count":12,"href":"https:\/\/artesaudiovisuales.ugd.edu.ar\/index.php\/wp-json\/wp\/v2\/posts\/321\/revisions"}],"predecessor-version":[{"id":340,"href":"https:\/\/artesaudiovisuales.ugd.edu.ar\/index.php\/wp-json\/wp\/v2\/posts\/321\/revisions\/340"}],"wp:attachment":[{"href":"https:\/\/artesaudiovisuales.ugd.edu.ar\/index.php\/wp-json\/wp\/v2\/media?parent=321"}],"wp:term":[{"taxonomy":"category","embeddable":true,"href":"https:\/\/artesaudiovisuales.ugd.edu.ar\/index.php\/wp-json\/wp\/v2\/categories?post=321"},{"taxonomy":"post_tag","embeddable":true,"href":"https:\/\/artesaudiovisuales.ugd.edu.ar\/index.php\/wp-json\/wp\/v2\/tags?post=321"}],"curies":[{"name":"wp","href":"https:\/\/api.w.org\/{rel}","templated":true}]}}