{"id":347,"date":"2020-11-09T16:16:13","date_gmt":"2020-11-09T19:16:13","guid":{"rendered":"https:\/\/artesaudiovisuales.ugd.edu.ar\/?p=347"},"modified":"2020-11-09T16:16:42","modified_gmt":"2020-11-09T19:16:42","slug":"epidermias-en-corto","status":"publish","type":"post","link":"https:\/\/artesaudiovisuales.ugd.edu.ar\/index.php\/2020\/11\/09\/epidermias-en-corto\/","title":{"rendered":"Epide(r)mias en corto"},"content":{"rendered":"\n<p><strong>Artes Audiovisuales UGD presenta la cuarta edici\u00f3n del concurso de videominuto.<\/strong><\/p>\n\n\n\n<figure class=\"wp-block-image\"><img loading=\"lazy\" width=\"1024\" height=\"1024\" src=\"https:\/\/artesaudiovisuales.ugd.edu.ar\/wp-content\/uploads\/2020\/11\/videominuto4_cuadrado-1024x1024.png\" alt=\"\" class=\"wp-image-348\" srcset=\"https:\/\/artesaudiovisuales.ugd.edu.ar\/wp-content\/uploads\/2020\/11\/videominuto4_cuadrado-1024x1024.png 1024w, https:\/\/artesaudiovisuales.ugd.edu.ar\/wp-content\/uploads\/2020\/11\/videominuto4_cuadrado-150x150.png 150w, https:\/\/artesaudiovisuales.ugd.edu.ar\/wp-content\/uploads\/2020\/11\/videominuto4_cuadrado-300x300.png 300w, https:\/\/artesaudiovisuales.ugd.edu.ar\/wp-content\/uploads\/2020\/11\/videominuto4_cuadrado-768x768.png 768w, https:\/\/artesaudiovisuales.ugd.edu.ar\/wp-content\/uploads\/2020\/11\/videominuto4_cuadrado.png 1668w\" sizes=\"(max-width: 1024px) 100vw, 1024px\" \/><\/figure>\n\n\n\n<p>Presentamos&nbsp;la cuarta edici\u00f3n del concurso de videominuto \u201cEpide(r)mias en corto\u201d, ofreciendo dos becas a quienes obtengan los dos primeros puestos, para el inicio de la cohorte 2021.<\/p>\n\n\n\n<p>Seg\u00fan el diccionario de la RAE \u201cEpidemia\u201d, es una enfermedad que afecta a un gran n\u00famero de personas. \u201cEpidermia\u201d, por otro lado, significa conjunto de tatuajes sobre la piel de una persona. En un sentido m\u00e1s amplio podemos entender las rutinas y relaciones como parte de esa piel, de esa superficie de contacto entre nuestro cuerpo y el mundo; y los efectos de la epidemia sobre ella, como marcas que vamos escribiendo en la narraci\u00f3n colectiva acerca de esta situaci\u00f3n cuya amplitud trasciende las fronteras f\u00edsicas y culturales.<\/p>\n\n\n\n<p>En esta cuarta edici\u00f3n se pretende que los cortos presentados respondan algunas de estas preguntas: \u00bfQu\u00e9 formas va dibujando la COVID-19 en la piel de nuestra comunidad? \u00bfQu\u00e9 mutaciones sociales y culturales se van instalando?&nbsp;<a href=\"https:\/\/artesaudiovisuales.ugd.edu.ar\/index.php\/2020\/09\/10\/mirar-la-cuarentena\/\">\u00bfC\u00f3mo nos afectan esas formas?<\/a>&nbsp;\u00bfC\u00f3mo nos entendemos con ellas?<\/p>\n\n\n\n<p>El concurso est\u00e1 dirigido a estudiantes de escuelas secundarias, universitarios\/as de todo el pa\u00eds y personas interesadas en cursar la Licenciatura en Artes Audiovisuales en la UGD, sin l\u00edmite de edad.<\/p>\n\n\n\n<p>El plazo de presentaci\u00f3n de las piezas audiovisuales ir\u00e1 desde lunes 16 de noviembre hasta el mi\u00e9rcoles 16 de diciembre de 2020. Las mismas deber\u00e1n durar un minuto, pudiendo excederse para cr\u00e9ditos o agradecimientos, seis (6) segundos de la duraci\u00f3n pautada. Cada concursante podr\u00e1 presentar hasta un (1) trabajo, que deber\u00e1 ser in\u00e9dito. No hay restricciones de g\u00e9nero o soporte.<\/p>\n\n\n\n<p>Premios<\/p>\n\n\n\n<p><strong>Primer premio:&nbsp;<\/strong>Una (1) beca del 50% para cursar primer a\u00f1o de la Licenciatura en Artes Audiovisuales de la UGD.<\/p>\n\n\n\n<p><strong>Segundo premio:&nbsp;<\/strong>Media (1) beca del 25% para cursar primer a\u00f1o de la Licenciatura en Artes Audiovisuales de la UGD.<\/p>\n\n\n\n<p><strong>Tercer premio:&nbsp;<\/strong>Diploma honor\u00edfico<\/p>\n\n\n\n<p>Las consultas, as\u00ed como toda la informaci\u00f3n solicitada (piezas audiovisuales y documentaci\u00f3n) deber\u00e1 remitirse por correo al mail a&nbsp;<a href=\"mailto:concursoartesaudiovisuales@ugd.edu.ar\">concursoartesaudiovisuales@ugd.edu.ar<\/a>&nbsp; con el asunto \u201cConcurso Artes Audiovisuales\u201d.<\/p>\n\n\n\n<p>La \u00faltima semana de diciembre se informar\u00e1 a los\/as participantes por medio de la Web de la UGD la decisi\u00f3n del jurado.<\/p>\n\n\n\n<p><a href=\"https:\/\/ugd.edu.ar\/images\/2020\/Bases_concurso_Videominuto_2020.pdf\">Bases y condiciones disponibles aqu\u00ed.<\/a><\/p>\n","protected":false},"excerpt":{"rendered":"<p>Artes Audiovisuales UGD presenta la cuarta edici\u00f3n del concurso de videominuto. Presentamos&nbsp;la cuarta edici\u00f3n del concurso de videominuto \u201cEpide(r)mias en corto\u201d, ofreciendo dos becas a quienes obtengan los dos primeros puestos, para el inicio de la cohorte 2021. Seg\u00fan el diccionario de la RAE \u201cEpidemia\u201d, es una enfermedad que afecta a un gran n\u00famero de [&hellip;]<\/p>\n","protected":false},"author":2,"featured_media":0,"comment_status":"open","ping_status":"open","sticky":false,"template":"","format":"standard","meta":[],"categories":[1],"tags":[],"_links":{"self":[{"href":"https:\/\/artesaudiovisuales.ugd.edu.ar\/index.php\/wp-json\/wp\/v2\/posts\/347"}],"collection":[{"href":"https:\/\/artesaudiovisuales.ugd.edu.ar\/index.php\/wp-json\/wp\/v2\/posts"}],"about":[{"href":"https:\/\/artesaudiovisuales.ugd.edu.ar\/index.php\/wp-json\/wp\/v2\/types\/post"}],"author":[{"embeddable":true,"href":"https:\/\/artesaudiovisuales.ugd.edu.ar\/index.php\/wp-json\/wp\/v2\/users\/2"}],"replies":[{"embeddable":true,"href":"https:\/\/artesaudiovisuales.ugd.edu.ar\/index.php\/wp-json\/wp\/v2\/comments?post=347"}],"version-history":[{"count":2,"href":"https:\/\/artesaudiovisuales.ugd.edu.ar\/index.php\/wp-json\/wp\/v2\/posts\/347\/revisions"}],"predecessor-version":[{"id":350,"href":"https:\/\/artesaudiovisuales.ugd.edu.ar\/index.php\/wp-json\/wp\/v2\/posts\/347\/revisions\/350"}],"wp:attachment":[{"href":"https:\/\/artesaudiovisuales.ugd.edu.ar\/index.php\/wp-json\/wp\/v2\/media?parent=347"}],"wp:term":[{"taxonomy":"category","embeddable":true,"href":"https:\/\/artesaudiovisuales.ugd.edu.ar\/index.php\/wp-json\/wp\/v2\/categories?post=347"},{"taxonomy":"post_tag","embeddable":true,"href":"https:\/\/artesaudiovisuales.ugd.edu.ar\/index.php\/wp-json\/wp\/v2\/tags?post=347"}],"curies":[{"name":"wp","href":"https:\/\/api.w.org\/{rel}","templated":true}]}}