{"id":353,"date":"2021-02-24T19:50:52","date_gmt":"2021-02-24T22:50:52","guid":{"rendered":"https:\/\/artesaudiovisuales.ugd.edu.ar\/?p=353"},"modified":"2021-02-24T19:50:52","modified_gmt":"2021-02-24T22:50:52","slug":"aislamiento-creativo","status":"publish","type":"post","link":"https:\/\/artesaudiovisuales.ugd.edu.ar\/index.php\/2021\/02\/24\/aislamiento-creativo\/","title":{"rendered":"Aislamiento creativo"},"content":{"rendered":"\n<p>&#8230;o sobre maneras de producir durante la cuarentena. Porque claro, no fue f\u00e1cil.  Durante 2020, es decir 365 d\u00edas a lo que habr\u00eda que restar enero, febrero y los d\u00edas de marzo, hasta que se decret\u00f3 la cuarentena, cada  d\u00eda o\u00edmos nuevas cifras y recomendaciones que dispararon ansiedades, depesiones, preocupaciones&#8230;.Un d\u00eda como hoy, por ejemplo, nos aconsejaban no usar barbijo -m\u00e1s tarde su uso ser\u00e1 obligatorio, pero mientras tanto las personas que se lo pusieron fueron objeto de burla social, y qu\u00e9 se le va a hacer dec\u00edan por ah\u00ed. Y bueno, as\u00ed sucesivamente, y al mismo tiempo estudiar una carrera y ser creativos. <\/p>\n\n\n<p><img loading=\"lazy\" class=\"alignnone size-full wp-image-354\" src=\"https:\/\/artesaudiovisuales.ugd.edu.ar\/wp-content\/uploads\/2021\/02\/02.jpg\" alt=\"\" width=\"243\" height=\"179\" \/>\u00a0 \u00a0 \u00a0 \u00a0 \u00a0 \u00a0\u00a0 <img loading=\"lazy\" class=\"alignnone  wp-image-355\" src=\"https:\/\/artesaudiovisuales.ugd.edu.ar\/wp-content\/uploads\/2021\/02\/c.jpg\" alt=\"\" width=\"270\" height=\"191\" srcset=\"https:\/\/artesaudiovisuales.ugd.edu.ar\/wp-content\/uploads\/2021\/02\/c.jpg 601w, https:\/\/artesaudiovisuales.ugd.edu.ar\/wp-content\/uploads\/2021\/02\/c-300x213.jpg 300w\" sizes=\"(max-width: 270px) 100vw, 270px\" \/><\/p>\n\n\n<div class=\"wp-container-1 wp-block-group\"><div class=\"wp-block-group__inner-container\"><\/div><\/div>\n\n\n\n<p>Y despu\u00e9s compartir los resultados en una exposici\u00f3n. \u201cAislamiento creativo\u201d es la muestra anual del Departamento de Arquitectura, Dise\u00f1o y Comunicaci\u00f3n visual de la UGD integrado por las carreras de Arquitectura, Dise\u00f1o Industrial, Dise\u00f1o y Comunicaci\u00f3n Visual y Artes Audiovisuales. <\/p>\n\n\n\n<p>Y, a pesar de todo, estudiamos la carrera y fuimos creativos..<\/p>\n\n\n<p>\u00a0<img loading=\"lazy\" class=\"alignnone  wp-image-357\" src=\"https:\/\/artesaudiovisuales.ugd.edu.ar\/wp-content\/uploads\/2021\/02\/03Menos-blanco.jpg\" alt=\"\" width=\"266\" height=\"150\" srcset=\"https:\/\/artesaudiovisuales.ugd.edu.ar\/wp-content\/uploads\/2021\/02\/03Menos-blanco.jpg 617w, https:\/\/artesaudiovisuales.ugd.edu.ar\/wp-content\/uploads\/2021\/02\/03Menos-blanco-300x169.jpg 300w\" sizes=\"(max-width: 266px) 100vw, 266px\" \/>\u00a0 \u00a0 <img loading=\"lazy\" class=\"alignnone  wp-image-360\" src=\"https:\/\/artesaudiovisuales.ugd.edu.ar\/wp-content\/uploads\/2021\/02\/c-3.jpg\" alt=\"\" width=\"267\" height=\"151\" srcset=\"https:\/\/artesaudiovisuales.ugd.edu.ar\/wp-content\/uploads\/2021\/02\/c-3.jpg 617w, https:\/\/artesaudiovisuales.ugd.edu.ar\/wp-content\/uploads\/2021\/02\/c-3-300x169.jpg 300w\" sizes=\"(max-width: 267px) 100vw, 267px\" \/><\/p>\n\n\n<p><a href=\"https:\/\/www.ugd.edu.ar\/arte\">https:\/\/www.ugd.edu.ar\/arte<\/a><\/p>\n\n\n\n<p><\/p>\n","protected":false},"excerpt":{"rendered":"<p>&#8230;o sobre maneras de producir durante la cuarentena. Porque claro, no fue f\u00e1cil. Durante 2020, es decir 365 d\u00edas a lo que habr\u00eda que restar enero, febrero y los d\u00edas de marzo, hasta que se decret\u00f3 la cuarentena, cada d\u00eda o\u00edmos nuevas cifras y recomendaciones que dispararon ansiedades, depesiones, preocupaciones&#8230;.Un d\u00eda como hoy, por ejemplo, [&hellip;]<\/p>\n","protected":false},"author":2,"featured_media":0,"comment_status":"open","ping_status":"open","sticky":false,"template":"","format":"standard","meta":[],"categories":[1],"tags":[],"_links":{"self":[{"href":"https:\/\/artesaudiovisuales.ugd.edu.ar\/index.php\/wp-json\/wp\/v2\/posts\/353"}],"collection":[{"href":"https:\/\/artesaudiovisuales.ugd.edu.ar\/index.php\/wp-json\/wp\/v2\/posts"}],"about":[{"href":"https:\/\/artesaudiovisuales.ugd.edu.ar\/index.php\/wp-json\/wp\/v2\/types\/post"}],"author":[{"embeddable":true,"href":"https:\/\/artesaudiovisuales.ugd.edu.ar\/index.php\/wp-json\/wp\/v2\/users\/2"}],"replies":[{"embeddable":true,"href":"https:\/\/artesaudiovisuales.ugd.edu.ar\/index.php\/wp-json\/wp\/v2\/comments?post=353"}],"version-history":[{"count":1,"href":"https:\/\/artesaudiovisuales.ugd.edu.ar\/index.php\/wp-json\/wp\/v2\/posts\/353\/revisions"}],"predecessor-version":[{"id":361,"href":"https:\/\/artesaudiovisuales.ugd.edu.ar\/index.php\/wp-json\/wp\/v2\/posts\/353\/revisions\/361"}],"wp:attachment":[{"href":"https:\/\/artesaudiovisuales.ugd.edu.ar\/index.php\/wp-json\/wp\/v2\/media?parent=353"}],"wp:term":[{"taxonomy":"category","embeddable":true,"href":"https:\/\/artesaudiovisuales.ugd.edu.ar\/index.php\/wp-json\/wp\/v2\/categories?post=353"},{"taxonomy":"post_tag","embeddable":true,"href":"https:\/\/artesaudiovisuales.ugd.edu.ar\/index.php\/wp-json\/wp\/v2\/tags?post=353"}],"curies":[{"name":"wp","href":"https:\/\/api.w.org\/{rel}","templated":true}]}}