{"id":377,"date":"2022-09-06T18:19:35","date_gmt":"2022-09-06T21:19:35","guid":{"rendered":"https:\/\/artesaudiovisuales.ugd.edu.ar\/?p=377"},"modified":"2022-09-07T20:05:08","modified_gmt":"2022-09-07T23:05:08","slug":"yo-nosotres-lo-viviente","status":"publish","type":"post","link":"https:\/\/artesaudiovisuales.ugd.edu.ar\/index.php\/2022\/09\/06\/yo-nosotres-lo-viviente\/","title":{"rendered":"Yo, nosotres, lo viviente"},"content":{"rendered":"\n<p>\u00bfC\u00f3mo podemos representar y problematizar nuestra relaci\u00f3n con la naturaleza y todo lo viviente a trav\u00e9s de las posibilidades que nos brinda el arte audiovisual? \u00bfC\u00f3mo retratar desde la cotidianidad, desde nuestras rutinas, nuestros espacios y nuestra mirada, la relaci\u00f3n que tenemos con nuestro entorno, la naturaleza, es decir, lo viviente? \u00bfDe qu\u00e9 manera contar a trav\u00e9s del audiovisual, desde una mirada sensible, cr\u00edtica y comprometida, lo que est\u00e1 sucediendo con nuestra casa, Posadas, Misiones, Argentina y el mundo? \u00bfQu\u00e9 propuestas podemos formular desde lo art\u00edstico y lo audiovisual para transformar nuestra relaci\u00f3n con lo viviente? <\/p>\n\n\n\n<p>Esta consigna fue trabajada en la c\u00e1tedra Realizaci\u00f3n III con la Lic. Ana Victoria Espinoza. <\/p>\n\n\n\n<p><\/p>\n\n\n\n<p><strong>ENTRE EL R\u00cdO de Tanya Negrette<\/strong><\/p>\n\n\n\n<p><\/p>\n\n\n\n<figure class=\"wp-block-embed is-type-video is-provider-youtube wp-block-embed-youtube wp-embed-aspect-16-9 wp-has-aspect-ratio\"><div class=\"wp-block-embed__wrapper\">\n<iframe loading=\"lazy\" title=\"tarea realizacion\" width=\"580\" height=\"326\" src=\"https:\/\/www.youtube.com\/embed\/d7xBra87LDw?feature=oembed\" frameborder=\"0\" allow=\"accelerometer; autoplay; clipboard-write; encrypted-media; gyroscope; picture-in-picture\" allowfullscreen><\/iframe>\n<\/div><\/figure>\n\n\n\n<p>&#8220;Vivir rutinariamente en un cambio de ambiente constante entre las fronteras de Paraguay y Argentina, donde el sol y la lluvia, los sonidos envolventes casi imperceptibles de la naturaleza de p\u00e1jaros, grillos y el viento, mezclados con los alborotados sonidos de la ciudad y el bullicio.<\/p>\n\n\n\n<p>Una mezcla constante de sensaciones que vivo casi semanalmente, con cierto ritmo muy rutinario, donde los sonidos envolventes suenan a melod\u00edas, manteniendo la comparativa entre dos mundos totalmente distintos, donde el fresco y el calor se encuentran, y el sol y la lluvia, capturando estos dos climas para hacer notar la diferencia de ambiente, donde la naturaleza se encuentra con la ciudad, donde el espacio se encuentra con lo estrecho, lo vac\u00edo con lo lleno&#8221;.<\/p>\n\n\n\n<p><\/p>\n\n\n\n<p><strong>YO, VOS, NOSOTROS de Marcia Majcher<\/strong><\/p>\n\n\n\n<figure class=\"wp-block-embed is-type-video is-provider-youtube wp-block-embed-youtube wp-embed-aspect-16-9 wp-has-aspect-ratio\"><div class=\"wp-block-embed__wrapper\">\n<iframe loading=\"lazy\" title=\"YO, VOS, NOSOTROS\" width=\"580\" height=\"326\" src=\"https:\/\/www.youtube.com\/embed\/12HkNR4ATW0?feature=oembed\" frameborder=\"0\" allow=\"accelerometer; autoplay; clipboard-write; encrypted-media; gyroscope; picture-in-picture\" allowfullscreen><\/iframe>\n<\/div><\/figure>\n\n\n\n<p>&#8220;Naturalmente consumimos para alimentar a nuestro cuerpo. La alimentaci\u00f3n es necesaria, desde que nacemos hasta nuestros \u00faltimos d\u00edas. Sin embargo, el consumo es un foco de estudio para la nutrici\u00f3n, para el mercado y tambi\u00e9n para la psicolog\u00eda. Qu\u00e9 consumimos, en qu\u00e9 medida lo hacemos y con qu\u00e9 constancia son indicadores de un posible estado social y mental. El trastorno de ansiedad es muy hablado \u00faltimamente, pero \u00bfcu\u00e1nto conocemos sobre \u00e9l? Vivimos tiempos en los que la exigencia pesa cada vez m\u00e1s, debemos trabajar cada vez m\u00e1s para cubrir nuestro costo de vida, debemos formarnos como profesionales, debemos tiempo a nuestra familia, debemos tiempo a nuestros amigos. Debemos, debemos, debemos y nos olvidamos que el deber es primero con nosotros mismos. Nos debemos atenci\u00f3n, nos debemos tiempo, nos debemos gustos, nos debemos descanso de calidad. Para lograrlo es necesario observarnos. Observar c\u00f3mo administramos nuestro tiempo, como nos alimentamos y que cosas consumimos. \u00bfQu\u00e9 estado f\u00edsico-mental estamos construyendo hoy para vivir en 10 a\u00f1os? \u00bfSomos saludables? \u00bfGastamos lo necesario en alimentaci\u00f3n?<\/p>\n\n\n\n<p>Esta pieza audiovisual es consecuencia de una breve observaci\u00f3n de consumo en el hogar, con el fin de exponer el consumo en exceso, innecesario y de mala calidad que hemos naturalizado. Comer en cantidad sin un previo an\u00e1lisis de que nutrientes nos dan los alimentos y sustancias se convirti\u00f3 en un h\u00e1bito para muchas personas generando un estado de consumo ansioso que incluso, transmitimos a los seres con quienes convivimos.<\/p>\n\n\n\n<p>YO, VOS, NOSOTROS, busca incomodar con la realidad recortada y acelerada, pero para nada ficcionada.&#8221;<\/p>\n\n\n\n<p><\/p>\n\n\n\n<p>OJOS COMO C\u00c1MARA de Natalia Romero<\/p>\n\n\n\n<figure class=\"wp-block-embed is-type-video is-provider-youtube wp-block-embed-youtube wp-embed-aspect-16-9 wp-has-aspect-ratio\"><div class=\"wp-block-embed__wrapper\">\n<iframe loading=\"lazy\" title=\"&quot;Ojos Como C\u00e1mara&quot;  DE NATALIA ROMERO\" width=\"580\" height=\"326\" src=\"https:\/\/www.youtube.com\/embed\/OR_iX3FFE0E?feature=oembed\" frameborder=\"0\" allow=\"accelerometer; autoplay; clipboard-write; encrypted-media; gyroscope; picture-in-picture\" allowfullscreen title=\"\"Ojos Como C\u00e1mara\"  DE NATALIA ROMERO\"><\/iframe>\n<\/div><\/figure>\n\n\n\n<p><br>&#8220;\u00bfC\u00f3mo explicar la sensaci\u00f3n de estar fuera de mi cuerpo? La ciudad no se da cuenta que la observo, mis ojos funcionan como una c\u00e1mara escondida, que deambula por todos lados sin que alguien la note, que mira, escucha y siente lo que otros ignoran.<br>En mi cabeza, estoy quieta mirando pero la realidad es que mis pies se siguen moviendo, tal vez con alg\u00fan destino en particular o solo caminan para que nadie piense que hay una extra\u00f1a chica parada en la calle observando todo.<br>Fijarme en los detalles ayuda a que mi mente regrese a su lugar, sentir la textura de las cosas, el olor del caf\u00e9, concentrarme en el presente y prestar atenci\u00f3n a lo que me rodea. Hace m\u00e1s de un a\u00f1o que me ocurre esto, siempre me asusta a pesar de que ya conozco la sensaci\u00f3n, porque nunca se cu\u00e1ndo va a parar. Todo empieza cuando lo que veo parece una pel\u00edcula y el sentido del tacto disminuye, el ruido y las voces se hacen m\u00e1s lejanas y todo va m\u00e1s lento, ah\u00ed es cuando sutilmente me toco las manos o las paso por alguna vidriera, cuando miro m\u00e1s a mi alrededor y a la gente que pasa.&#8221;<\/p>\n\n\n\n<p><\/p>\n\n\n\n<p><strong>INCERTIDUMBRE de Paula Ramos<\/strong><\/p>\n\n\n\n<figure class=\"wp-block-embed is-type-video is-provider-youtube wp-block-embed-youtube wp-embed-aspect-16-9 wp-has-aspect-ratio\"><div class=\"wp-block-embed__wrapper\">\n<iframe loading=\"lazy\" title=\"Corto Experimental Realizaci\u00f3n Audiovisual III\" width=\"580\" height=\"326\" src=\"https:\/\/www.youtube.com\/embed\/xakdvYxdl0U?feature=oembed\" frameborder=\"0\" allow=\"accelerometer; autoplay; clipboard-write; encrypted-media; gyroscope; picture-in-picture\" allowfullscreen><\/iframe>\n<\/div><\/figure>\n\n\n\n<p>&#8220;La idea nace de la rutina, de la incertidumbre y de mucha oscuridad personal que d\u00eda a d\u00eda se intercambia con la naturaleza. \u201cSalir a tomar aire\u201d en mi propia casa, es algo que hago y mucho, as\u00ed que retrato esos pensamientos y reflexiones tanto con planos de la naturaleza en el entorno como con planos de la rutina que lleva a esos pensamientos, sentirme estancada, nost\u00e1lgica, aburrida, sobre todo aburrida de hacer siempre lo mismo y aun as\u00ed salir adelante porque no es permanente, porque todo siempre est\u00e1 cambiando.<br>No hubo mucha preparaci\u00f3n, la idea sali\u00f3 y la plasm\u00e9 en el trabajo de manera fluyente, el texto relatado naci\u00f3 del montaje ya terminado, fue un proceso de montaje- m\u00fasica- relato.&#8221;<br><\/p>\n","protected":false},"excerpt":{"rendered":"<p>\u00bfC\u00f3mo podemos representar y problematizar nuestra relaci\u00f3n con la naturaleza y todo lo viviente a trav\u00e9s de las posibilidades que nos brinda el arte audiovisual? \u00bfC\u00f3mo retratar desde la cotidianidad, desde nuestras rutinas, nuestros espacios y nuestra mirada, la relaci\u00f3n que tenemos con nuestro entorno, la naturaleza, es decir, lo viviente? \u00bfDe qu\u00e9 manera contar [&hellip;]<\/p>\n","protected":false},"author":2,"featured_media":0,"comment_status":"open","ping_status":"open","sticky":false,"template":"","format":"standard","meta":[],"categories":[1],"tags":[],"_links":{"self":[{"href":"https:\/\/artesaudiovisuales.ugd.edu.ar\/index.php\/wp-json\/wp\/v2\/posts\/377"}],"collection":[{"href":"https:\/\/artesaudiovisuales.ugd.edu.ar\/index.php\/wp-json\/wp\/v2\/posts"}],"about":[{"href":"https:\/\/artesaudiovisuales.ugd.edu.ar\/index.php\/wp-json\/wp\/v2\/types\/post"}],"author":[{"embeddable":true,"href":"https:\/\/artesaudiovisuales.ugd.edu.ar\/index.php\/wp-json\/wp\/v2\/users\/2"}],"replies":[{"embeddable":true,"href":"https:\/\/artesaudiovisuales.ugd.edu.ar\/index.php\/wp-json\/wp\/v2\/comments?post=377"}],"version-history":[{"count":6,"href":"https:\/\/artesaudiovisuales.ugd.edu.ar\/index.php\/wp-json\/wp\/v2\/posts\/377\/revisions"}],"predecessor-version":[{"id":396,"href":"https:\/\/artesaudiovisuales.ugd.edu.ar\/index.php\/wp-json\/wp\/v2\/posts\/377\/revisions\/396"}],"wp:attachment":[{"href":"https:\/\/artesaudiovisuales.ugd.edu.ar\/index.php\/wp-json\/wp\/v2\/media?parent=377"}],"wp:term":[{"taxonomy":"category","embeddable":true,"href":"https:\/\/artesaudiovisuales.ugd.edu.ar\/index.php\/wp-json\/wp\/v2\/categories?post=377"},{"taxonomy":"post_tag","embeddable":true,"href":"https:\/\/artesaudiovisuales.ugd.edu.ar\/index.php\/wp-json\/wp\/v2\/tags?post=377"}],"curies":[{"name":"wp","href":"https:\/\/api.w.org\/{rel}","templated":true}]}}