{"id":382,"date":"2022-09-06T18:57:05","date_gmt":"2022-09-06T21:57:05","guid":{"rendered":"https:\/\/artesaudiovisuales.ugd.edu.ar\/?p=382"},"modified":"2022-09-06T18:57:05","modified_gmt":"2022-09-06T21:57:05","slug":"el-palimpsesto-como-herramienta-para-el-proceso-creativo","status":"publish","type":"post","link":"https:\/\/artesaudiovisuales.ugd.edu.ar\/index.php\/2022\/09\/06\/el-palimpsesto-como-herramienta-para-el-proceso-creativo\/","title":{"rendered":"El palimpsesto como herramienta para el proceso creativo"},"content":{"rendered":"\n<p>Atenci\u00f3n creativxs! Este workshop de <strong>modalidad virtual<\/strong> tiene car\u00e1cter pr\u00e1ctico. Est\u00e1 dirigido a las personas interesadas en incluir el proceso creativo en los proyectos que desarrollan sean art\u00edsticos, arquitect\u00f3nicos, literarios, musicales o de cualquier otro tipo. Consta de <strong>tres clases<\/strong> de <strong>dos horas <\/strong>a cargo de la artista e investigadora <strong>Maia Gat\u00e1s Vargas<\/strong> quien define su propuesta en los siguientes t\u00e9rminos:<\/p>\n\n\n\n<figure class=\"wp-block-image size-full\"><img loading=\"lazy\" width=\"670\" height=\"468\" src=\"https:\/\/artesaudiovisuales.ugd.edu.ar\/wp-content\/uploads\/2022\/09\/WhatsApp-Image-2021-11-01-at-20.31.35_670.jpeg\" alt=\"\" class=\"wp-image-384\" srcset=\"https:\/\/artesaudiovisuales.ugd.edu.ar\/wp-content\/uploads\/2022\/09\/WhatsApp-Image-2021-11-01-at-20.31.35_670.jpeg 670w, https:\/\/artesaudiovisuales.ugd.edu.ar\/wp-content\/uploads\/2022\/09\/WhatsApp-Image-2021-11-01-at-20.31.35_670-300x210.jpeg 300w\" sizes=\"(max-width: 670px) 100vw, 670px\" \/><\/figure>\n\n\n\n<p><\/p>\n\n\n\n<p>&#8220;Inspirada en el diario de mi abuela Violeta, voy a dar un taller que est\u00e1 armado para pensar los procesos creativos en voz alta. Apostando a los equ\u00edvocos, la reescritura, las dudas, los titubeos. Es un taller virtual te\u00f3rico\/pr\u00e1ctico donde partiremos de hacer un <strong>cuaderno-palimpsesto<\/strong> de <strong>registro de procesos<\/strong>, y en las clases veremos algunos ejemplos que provienen de diversos campos, de las artes y las ciencias: desde los estratos de la <strong>geolog\u00eda<\/strong>, el proyecto de libro <strong>La Divina M\u00edmesis<\/strong> del cineasta y poeta Pier Paolo Pasolini, o los distintos artistas que han usado t\u00e9cnicas de collage hasta mi libro y video <strong>Diario de exploraci\u00f3n al territorio del color<\/strong> (2021)&#8221;<\/p>\n\n\n\n<p>\u00bfQu\u00e9 es eso de &#8220;palimpsesto&#8221;? Seg\u00fan Nathalie Goffard el origen de \u00e9ste t\u00e9rmino viene de la Edad Media \u201c(&#8230;) era un <strong>c\u00f3dice <\/strong>confeccionado a partir de la<strong> reutilizaci\u00f3n <\/strong>de <strong>pergaminos<\/strong> anteriores. Pr\u00e1ctica frecuente ante la escasez de papiro durante la Edad Media, el palimpsesto era un manuscrito que, al ser realizado <strong>artesanalmente<\/strong>, conservaba sobre sus p\u00e1ginas l<em>as huellas de una escritura anterior que nunca pod\u00eda ser borrada del todo, <\/em>por lo que se <strong>solapaban <\/strong>sobre sus hojas nuevos textos a la vez que antiguos <strong>grafismos<\/strong>\u201d. <\/p>\n\n\n\n<p>Entonces, sigue Maia, &#8220;buscaremos respondernos \u00bfCu\u00e1ntos tiempos viven en las obras art\u00edsticas? \u00bfQu\u00e9 escrituras anteriores, imborrables, sobreviven cuando creamos?&#8221;<\/p>\n\n\n\n<figure class=\"wp-block-image size-full\"><img loading=\"lazy\" width=\"670\" height=\"477\" src=\"https:\/\/artesaudiovisuales.ugd.edu.ar\/wp-content\/uploads\/2022\/09\/WhatsApp-Image-2021-04-11-at-18.40.23_670.jpg\" alt=\"\" class=\"wp-image-386\" srcset=\"https:\/\/artesaudiovisuales.ugd.edu.ar\/wp-content\/uploads\/2022\/09\/WhatsApp-Image-2021-04-11-at-18.40.23_670.jpg 670w, https:\/\/artesaudiovisuales.ugd.edu.ar\/wp-content\/uploads\/2022\/09\/WhatsApp-Image-2021-04-11-at-18.40.23_670-300x214.jpg 300w\" sizes=\"(max-width: 670px) 100vw, 670px\" \/><\/figure>\n\n\n\n<p><br>Cupos limitados. M\u00e1s informaci\u00f3n sobre el curso y Maia Gatt\u00e1s Vargas en:<br>https:\/\/ugd.edu.ar\/es\/taller-el-palimpsesto-como-herramienta-para-el-proceso-creativo<\/p>\n\n\n\n<p><\/p>\n\n\n\n<p>Inscripci\u00f3n: informes@ugd.edu.ar<\/p>\n\n\n\n<p>Al inscribirse recibir\u00e1n un link de acceso. Se entregar\u00e1n certificados<\/p>\n\n\n\n<p><\/p>\n\n\n\n<figure class=\"wp-block-image size-large\"><img loading=\"lazy\" width=\"1024\" height=\"682\" src=\"https:\/\/artesaudiovisuales.ugd.edu.ar\/wp-content\/uploads\/2022\/09\/Muestra-Agosto-Maia-Gattas-Vargas-Palimpsesto_mailing-1024x682.png\" alt=\"\" class=\"wp-image-387\" srcset=\"https:\/\/artesaudiovisuales.ugd.edu.ar\/wp-content\/uploads\/2022\/09\/Muestra-Agosto-Maia-Gattas-Vargas-Palimpsesto_mailing-1024x682.png 1024w, https:\/\/artesaudiovisuales.ugd.edu.ar\/wp-content\/uploads\/2022\/09\/Muestra-Agosto-Maia-Gattas-Vargas-Palimpsesto_mailing-300x200.png 300w, https:\/\/artesaudiovisuales.ugd.edu.ar\/wp-content\/uploads\/2022\/09\/Muestra-Agosto-Maia-Gattas-Vargas-Palimpsesto_mailing-768x512.png 768w, https:\/\/artesaudiovisuales.ugd.edu.ar\/wp-content\/uploads\/2022\/09\/Muestra-Agosto-Maia-Gattas-Vargas-Palimpsesto_mailing-1200x799.png 1200w, https:\/\/artesaudiovisuales.ugd.edu.ar\/wp-content\/uploads\/2022\/09\/Muestra-Agosto-Maia-Gattas-Vargas-Palimpsesto_mailing.png 1249w\" sizes=\"(max-width: 1024px) 100vw, 1024px\" \/><\/figure>\n\n\n\n<p><\/p>\n\n\n\n<p><\/p>\n\n\n\n<p><\/p>\n\n\n\n<figure class=\"wp-block-image\"><img alt=\"\"\/><\/figure>\n\n\n\n<figure class=\"wp-block-image\"><img alt=\"\"\/><\/figure>\n\n\n\n<p><\/p>\n\n\n\n<figure class=\"wp-block-image\"><img alt=\"\"\/><\/figure>\n\n\n\n<figure class=\"wp-block-image\"><img alt=\"\"\/><\/figure>\n\n\n\n<figure class=\"wp-block-image\"><img alt=\"\"\/><\/figure>\n\n\n\n<figure class=\"wp-block-image\"><img alt=\"\"\/><\/figure>\n\n\n\n<figure class=\"wp-block-image\"><img alt=\"\"\/><\/figure>\n\n\n\n<figure class=\"wp-block-image\"><img alt=\"\"\/><\/figure>\n\n\n\n<div class=\"wp-container-1 wp-block-buttons\"><\/div>\n","protected":false},"excerpt":{"rendered":"<p>Atenci\u00f3n creativxs! Este workshop de modalidad virtual tiene car\u00e1cter pr\u00e1ctico. Est\u00e1 dirigido a las personas interesadas en incluir el proceso creativo en los proyectos que desarrollan sean art\u00edsticos, arquitect\u00f3nicos, literarios, musicales o de cualquier otro tipo. Consta de tres clases de dos horas a cargo de la artista e investigadora Maia Gat\u00e1s Vargas quien define [&hellip;]<\/p>\n","protected":false},"author":2,"featured_media":0,"comment_status":"open","ping_status":"open","sticky":false,"template":"","format":"standard","meta":[],"categories":[1],"tags":[],"_links":{"self":[{"href":"https:\/\/artesaudiovisuales.ugd.edu.ar\/index.php\/wp-json\/wp\/v2\/posts\/382"}],"collection":[{"href":"https:\/\/artesaudiovisuales.ugd.edu.ar\/index.php\/wp-json\/wp\/v2\/posts"}],"about":[{"href":"https:\/\/artesaudiovisuales.ugd.edu.ar\/index.php\/wp-json\/wp\/v2\/types\/post"}],"author":[{"embeddable":true,"href":"https:\/\/artesaudiovisuales.ugd.edu.ar\/index.php\/wp-json\/wp\/v2\/users\/2"}],"replies":[{"embeddable":true,"href":"https:\/\/artesaudiovisuales.ugd.edu.ar\/index.php\/wp-json\/wp\/v2\/comments?post=382"}],"version-history":[{"count":6,"href":"https:\/\/artesaudiovisuales.ugd.edu.ar\/index.php\/wp-json\/wp\/v2\/posts\/382\/revisions"}],"predecessor-version":[{"id":392,"href":"https:\/\/artesaudiovisuales.ugd.edu.ar\/index.php\/wp-json\/wp\/v2\/posts\/382\/revisions\/392"}],"wp:attachment":[{"href":"https:\/\/artesaudiovisuales.ugd.edu.ar\/index.php\/wp-json\/wp\/v2\/media?parent=382"}],"wp:term":[{"taxonomy":"category","embeddable":true,"href":"https:\/\/artesaudiovisuales.ugd.edu.ar\/index.php\/wp-json\/wp\/v2\/categories?post=382"},{"taxonomy":"post_tag","embeddable":true,"href":"https:\/\/artesaudiovisuales.ugd.edu.ar\/index.php\/wp-json\/wp\/v2\/tags?post=382"}],"curies":[{"name":"wp","href":"https:\/\/api.w.org\/{rel}","templated":true}]}}