{"id":398,"date":"2022-09-26T19:47:22","date_gmt":"2022-09-26T22:47:22","guid":{"rendered":"https:\/\/artesaudiovisuales.ugd.edu.ar\/?p=398"},"modified":"2022-09-26T19:59:43","modified_gmt":"2022-09-26T22:59:43","slug":"6o-concurso-videominuto","status":"publish","type":"post","link":"https:\/\/artesaudiovisuales.ugd.edu.ar\/index.php\/2022\/09\/26\/6o-concurso-videominuto\/","title":{"rendered":"6\u00ba Concurso Videominuto"},"content":{"rendered":"\n<p>Todos los a\u00f1os la Lic. en Artes Audiovisuales lanza esta convocatoria dirigida a todas aquellas personas que se interesan por el mundo audiovisual como una opci\u00f3n profesional y desean comenzar la carrera en el a\u00f1o 2023.<\/p>\n\n\n\n<figure class=\"wp-block-image size-large\"><img loading=\"lazy\" width=\"1024\" height=\"1024\" src=\"https:\/\/artesaudiovisuales.ugd.edu.ar\/wp-content\/uploads\/2022\/09\/Videominuto__2023_v02_workshop-1024x1024.png\" alt=\"\" class=\"wp-image-399\" srcset=\"https:\/\/artesaudiovisuales.ugd.edu.ar\/wp-content\/uploads\/2022\/09\/Videominuto__2023_v02_workshop-1024x1024.png 1024w, https:\/\/artesaudiovisuales.ugd.edu.ar\/wp-content\/uploads\/2022\/09\/Videominuto__2023_v02_workshop-300x300.png 300w, https:\/\/artesaudiovisuales.ugd.edu.ar\/wp-content\/uploads\/2022\/09\/Videominuto__2023_v02_workshop-150x150.png 150w, https:\/\/artesaudiovisuales.ugd.edu.ar\/wp-content\/uploads\/2022\/09\/Videominuto__2023_v02_workshop-768x768.png 768w, https:\/\/artesaudiovisuales.ugd.edu.ar\/wp-content\/uploads\/2022\/09\/Videominuto__2023_v02_workshop-1536x1536.png 1536w, https:\/\/artesaudiovisuales.ugd.edu.ar\/wp-content\/uploads\/2022\/09\/Videominuto__2023_v02_workshop-2048x2048.png 2048w, https:\/\/artesaudiovisuales.ugd.edu.ar\/wp-content\/uploads\/2022\/09\/Videominuto__2023_v02_workshop-1200x1200.png 1200w, https:\/\/artesaudiovisuales.ugd.edu.ar\/wp-content\/uploads\/2022\/09\/Videominuto__2023_v02_workshop-1980x1980.png 1980w\" sizes=\"(max-width: 1024px) 100vw, 1024px\" \/><\/figure>\n\n\n\n<p>\u00bfEn qu\u00e9 consiste la convocatoria? En producir un video que dure un minuto con una c\u00e1mara de cualquier tipo, incluida la del celular. <\/p>\n\n\n\n<p>Si ten\u00e9s una idea, o simplemente ganas de hacer algo, pero no sab\u00e9s por d\u00f3nde empezar, habr\u00e1 un taller de apoyo dictado por una de las docentes de la casa, la Lic. Marena Villalobo (C\u00e1tedras de Realizaci\u00f3n II e Historia del Cine y las Artes Audiovisuales II). Hacer el taller no es un requisito para presentarse al concurso<\/p>\n\n\n\n<p>Inscripci\u00f3n al taller: audiovisuales@ugd.edu.ar<\/p>\n\n\n\n<p>BASES <a href=\"https:\/\/ugd.edu.ar\/images\/2022\/Videominuto__2023__BASES.pdf\">https:\/\/ugd.edu.ar\/images\/2022\/Videominuto__2023__BASES.pdf<\/a><\/p>\n\n\n\n<p><a href=\"https:\/\/ugd.edu.ar\/es\/aislamientocreativo\/artes-audiovisuales\">Ac\u00e1 <\/a>podes ver algunos trabajos de alumnes de la carrera<\/p>\n","protected":false},"excerpt":{"rendered":"<p>Todos los a\u00f1os la Lic. en Artes Audiovisuales lanza esta convocatoria dirigida a todas aquellas personas que se interesan por el mundo audiovisual como una opci\u00f3n profesional y desean comenzar la carrera en el a\u00f1o 2023. \u00bfEn qu\u00e9 consiste la convocatoria? En producir un video que dure un minuto con una c\u00e1mara de cualquier tipo, [&hellip;]<\/p>\n","protected":false},"author":2,"featured_media":0,"comment_status":"open","ping_status":"open","sticky":false,"template":"","format":"standard","meta":[],"categories":[1],"tags":[],"_links":{"self":[{"href":"https:\/\/artesaudiovisuales.ugd.edu.ar\/index.php\/wp-json\/wp\/v2\/posts\/398"}],"collection":[{"href":"https:\/\/artesaudiovisuales.ugd.edu.ar\/index.php\/wp-json\/wp\/v2\/posts"}],"about":[{"href":"https:\/\/artesaudiovisuales.ugd.edu.ar\/index.php\/wp-json\/wp\/v2\/types\/post"}],"author":[{"embeddable":true,"href":"https:\/\/artesaudiovisuales.ugd.edu.ar\/index.php\/wp-json\/wp\/v2\/users\/2"}],"replies":[{"embeddable":true,"href":"https:\/\/artesaudiovisuales.ugd.edu.ar\/index.php\/wp-json\/wp\/v2\/comments?post=398"}],"version-history":[{"count":3,"href":"https:\/\/artesaudiovisuales.ugd.edu.ar\/index.php\/wp-json\/wp\/v2\/posts\/398\/revisions"}],"predecessor-version":[{"id":402,"href":"https:\/\/artesaudiovisuales.ugd.edu.ar\/index.php\/wp-json\/wp\/v2\/posts\/398\/revisions\/402"}],"wp:attachment":[{"href":"https:\/\/artesaudiovisuales.ugd.edu.ar\/index.php\/wp-json\/wp\/v2\/media?parent=398"}],"wp:term":[{"taxonomy":"category","embeddable":true,"href":"https:\/\/artesaudiovisuales.ugd.edu.ar\/index.php\/wp-json\/wp\/v2\/categories?post=398"},{"taxonomy":"post_tag","embeddable":true,"href":"https:\/\/artesaudiovisuales.ugd.edu.ar\/index.php\/wp-json\/wp\/v2\/tags?post=398"}],"curies":[{"name":"wp","href":"https:\/\/api.w.org\/{rel}","templated":true}]}}