{"id":404,"date":"2022-10-26T19:19:17","date_gmt":"2022-10-26T22:19:17","guid":{"rendered":"https:\/\/artesaudiovisuales.ugd.edu.ar\/?p=404"},"modified":"2022-10-26T19:19:17","modified_gmt":"2022-10-26T22:19:17","slug":"improvisacion-naturaleza-accion","status":"publish","type":"post","link":"https:\/\/artesaudiovisuales.ugd.edu.ar\/index.php\/2022\/10\/26\/improvisacion-naturaleza-accion\/","title":{"rendered":"Improvisaci\u00f3n, naturaleza \u00a1acci\u00f3n!"},"content":{"rendered":"\n<p>Soy Camila Stacco, alumna de 1er a\u00f1o de la Licenciatura en Artes Audiovisuales. El d\u00eda domingo 9 de octubre particip\u00e9 como fot\u00f3grafa en el backstage del \u201cFestival Movimiento en Foco\u201d (MEF), un evento internacional de <em>videodanza<\/em> que se hace anualmente en Posadas. Si quieren saber m\u00e1s sobre este g\u00e9nero pueden pinchar en este <a href=\"https:\/\/ugd.edu.ar\/es\/movimientoenfoco2021\">link.<\/a><\/p>\n\n\n\n<p><br>Fue una experiencia muy amena e interesante en la reserva urbana Arroyo  It\u00e1. Ese d\u00eda conoc\u00ed a artistas muy talentosos, algunos proven\u00edan de distintas provincias de Argentina, otros participantes eran de Suiza, Francia y Turqu\u00eda. Gracias a esto pude apreciar de cerca la danza contempor\u00e1nea y c\u00f3mo puede relacionarse con el audiovisual. <\/p>\n\n\n\n<p>Aqu\u00ed les dejo algunas fotos:<br><\/p>\n\n\n\n<figure class=\"wp-block-image size-large\"><img loading=\"lazy\" width=\"1024\" height=\"683\" src=\"https:\/\/artesaudiovisuales.ugd.edu.ar\/wp-content\/uploads\/2022\/10\/C208890D-DD99-4882-A01F-B70C70F94726-1024x683.jpg\" alt=\"\" class=\"wp-image-405\" srcset=\"https:\/\/artesaudiovisuales.ugd.edu.ar\/wp-content\/uploads\/2022\/10\/C208890D-DD99-4882-A01F-B70C70F94726-1024x683.jpg 1024w, https:\/\/artesaudiovisuales.ugd.edu.ar\/wp-content\/uploads\/2022\/10\/C208890D-DD99-4882-A01F-B70C70F94726-300x200.jpg 300w, https:\/\/artesaudiovisuales.ugd.edu.ar\/wp-content\/uploads\/2022\/10\/C208890D-DD99-4882-A01F-B70C70F94726-768x512.jpg 768w, https:\/\/artesaudiovisuales.ugd.edu.ar\/wp-content\/uploads\/2022\/10\/C208890D-DD99-4882-A01F-B70C70F94726-1536x1024.jpg 1536w, https:\/\/artesaudiovisuales.ugd.edu.ar\/wp-content\/uploads\/2022\/10\/C208890D-DD99-4882-A01F-B70C70F94726-2048x1365.jpg 2048w, https:\/\/artesaudiovisuales.ugd.edu.ar\/wp-content\/uploads\/2022\/10\/C208890D-DD99-4882-A01F-B70C70F94726-1200x800.jpg 1200w, https:\/\/artesaudiovisuales.ugd.edu.ar\/wp-content\/uploads\/2022\/10\/C208890D-DD99-4882-A01F-B70C70F94726-1980x1320.jpg 1980w\" sizes=\"(max-width: 1024px) 100vw, 1024px\" \/><\/figure>\n\n\n\n<figure class=\"wp-block-image size-large\"><img loading=\"lazy\" width=\"1024\" height=\"683\" src=\"https:\/\/artesaudiovisuales.ugd.edu.ar\/wp-content\/uploads\/2022\/10\/088B2B61-9ACD-401E-9C37-0981DB273A34-1024x683.jpg\" alt=\"\" class=\"wp-image-406\" srcset=\"https:\/\/artesaudiovisuales.ugd.edu.ar\/wp-content\/uploads\/2022\/10\/088B2B61-9ACD-401E-9C37-0981DB273A34-1024x683.jpg 1024w, https:\/\/artesaudiovisuales.ugd.edu.ar\/wp-content\/uploads\/2022\/10\/088B2B61-9ACD-401E-9C37-0981DB273A34-300x200.jpg 300w, https:\/\/artesaudiovisuales.ugd.edu.ar\/wp-content\/uploads\/2022\/10\/088B2B61-9ACD-401E-9C37-0981DB273A34-768x512.jpg 768w, https:\/\/artesaudiovisuales.ugd.edu.ar\/wp-content\/uploads\/2022\/10\/088B2B61-9ACD-401E-9C37-0981DB273A34-1536x1024.jpg 1536w, https:\/\/artesaudiovisuales.ugd.edu.ar\/wp-content\/uploads\/2022\/10\/088B2B61-9ACD-401E-9C37-0981DB273A34-2048x1365.jpg 2048w, https:\/\/artesaudiovisuales.ugd.edu.ar\/wp-content\/uploads\/2022\/10\/088B2B61-9ACD-401E-9C37-0981DB273A34-1200x800.jpg 1200w, https:\/\/artesaudiovisuales.ugd.edu.ar\/wp-content\/uploads\/2022\/10\/088B2B61-9ACD-401E-9C37-0981DB273A34-1980x1320.jpg 1980w\" sizes=\"(max-width: 1024px) 100vw, 1024px\" \/><\/figure>\n\n\n\n<figure class=\"wp-block-image size-large\"><img loading=\"lazy\" width=\"683\" height=\"1024\" src=\"https:\/\/artesaudiovisuales.ugd.edu.ar\/wp-content\/uploads\/2022\/10\/25BC3781-170B-4A83-84A5-8B953A7A8178-683x1024.jpg\" alt=\"\" class=\"wp-image-407\" srcset=\"https:\/\/artesaudiovisuales.ugd.edu.ar\/wp-content\/uploads\/2022\/10\/25BC3781-170B-4A83-84A5-8B953A7A8178-683x1024.jpg 683w, https:\/\/artesaudiovisuales.ugd.edu.ar\/wp-content\/uploads\/2022\/10\/25BC3781-170B-4A83-84A5-8B953A7A8178-200x300.jpg 200w, https:\/\/artesaudiovisuales.ugd.edu.ar\/wp-content\/uploads\/2022\/10\/25BC3781-170B-4A83-84A5-8B953A7A8178-768x1152.jpg 768w, https:\/\/artesaudiovisuales.ugd.edu.ar\/wp-content\/uploads\/2022\/10\/25BC3781-170B-4A83-84A5-8B953A7A8178-1024x1536.jpg 1024w, https:\/\/artesaudiovisuales.ugd.edu.ar\/wp-content\/uploads\/2022\/10\/25BC3781-170B-4A83-84A5-8B953A7A8178-1365x2048.jpg 1365w, https:\/\/artesaudiovisuales.ugd.edu.ar\/wp-content\/uploads\/2022\/10\/25BC3781-170B-4A83-84A5-8B953A7A8178-1200x1800.jpg 1200w, https:\/\/artesaudiovisuales.ugd.edu.ar\/wp-content\/uploads\/2022\/10\/25BC3781-170B-4A83-84A5-8B953A7A8178-1980x2970.jpg 1980w, https:\/\/artesaudiovisuales.ugd.edu.ar\/wp-content\/uploads\/2022\/10\/25BC3781-170B-4A83-84A5-8B953A7A8178-scaled.jpg 1707w\" sizes=\"(max-width: 683px) 100vw, 683px\" \/><\/figure>\n\n\n\n<figure class=\"wp-block-image size-large\"><img loading=\"lazy\" width=\"1024\" height=\"683\" src=\"https:\/\/artesaudiovisuales.ugd.edu.ar\/wp-content\/uploads\/2022\/10\/6C9763A5-8FF1-4A98-B684-B9A98698E1A5-1024x683.jpg\" alt=\"\" class=\"wp-image-408\" srcset=\"https:\/\/artesaudiovisuales.ugd.edu.ar\/wp-content\/uploads\/2022\/10\/6C9763A5-8FF1-4A98-B684-B9A98698E1A5-1024x683.jpg 1024w, https:\/\/artesaudiovisuales.ugd.edu.ar\/wp-content\/uploads\/2022\/10\/6C9763A5-8FF1-4A98-B684-B9A98698E1A5-300x200.jpg 300w, https:\/\/artesaudiovisuales.ugd.edu.ar\/wp-content\/uploads\/2022\/10\/6C9763A5-8FF1-4A98-B684-B9A98698E1A5-768x512.jpg 768w, https:\/\/artesaudiovisuales.ugd.edu.ar\/wp-content\/uploads\/2022\/10\/6C9763A5-8FF1-4A98-B684-B9A98698E1A5-1536x1024.jpg 1536w, https:\/\/artesaudiovisuales.ugd.edu.ar\/wp-content\/uploads\/2022\/10\/6C9763A5-8FF1-4A98-B684-B9A98698E1A5-2048x1365.jpg 2048w, https:\/\/artesaudiovisuales.ugd.edu.ar\/wp-content\/uploads\/2022\/10\/6C9763A5-8FF1-4A98-B684-B9A98698E1A5-1200x800.jpg 1200w, https:\/\/artesaudiovisuales.ugd.edu.ar\/wp-content\/uploads\/2022\/10\/6C9763A5-8FF1-4A98-B684-B9A98698E1A5-1980x1320.jpg 1980w\" sizes=\"(max-width: 1024px) 100vw, 1024px\" \/><\/figure>\n\n\n\n<figure class=\"wp-block-image size-large\"><img loading=\"lazy\" width=\"1024\" height=\"683\" src=\"https:\/\/artesaudiovisuales.ugd.edu.ar\/wp-content\/uploads\/2022\/10\/0CB74434-B736-4D47-8905-E266E945E2C1-1024x683.jpg\" alt=\"\" class=\"wp-image-409\" srcset=\"https:\/\/artesaudiovisuales.ugd.edu.ar\/wp-content\/uploads\/2022\/10\/0CB74434-B736-4D47-8905-E266E945E2C1-1024x683.jpg 1024w, https:\/\/artesaudiovisuales.ugd.edu.ar\/wp-content\/uploads\/2022\/10\/0CB74434-B736-4D47-8905-E266E945E2C1-300x200.jpg 300w, https:\/\/artesaudiovisuales.ugd.edu.ar\/wp-content\/uploads\/2022\/10\/0CB74434-B736-4D47-8905-E266E945E2C1-768x512.jpg 768w, https:\/\/artesaudiovisuales.ugd.edu.ar\/wp-content\/uploads\/2022\/10\/0CB74434-B736-4D47-8905-E266E945E2C1-1536x1024.jpg 1536w, https:\/\/artesaudiovisuales.ugd.edu.ar\/wp-content\/uploads\/2022\/10\/0CB74434-B736-4D47-8905-E266E945E2C1-2048x1365.jpg 2048w, https:\/\/artesaudiovisuales.ugd.edu.ar\/wp-content\/uploads\/2022\/10\/0CB74434-B736-4D47-8905-E266E945E2C1-1200x800.jpg 1200w, https:\/\/artesaudiovisuales.ugd.edu.ar\/wp-content\/uploads\/2022\/10\/0CB74434-B736-4D47-8905-E266E945E2C1-1980x1320.jpg 1980w\" sizes=\"(max-width: 1024px) 100vw, 1024px\" \/><\/figure>\n","protected":false},"excerpt":{"rendered":"<p>Soy Camila Stacco, alumna de 1er a\u00f1o de la Licenciatura en Artes Audiovisuales. El d\u00eda domingo 9 de octubre particip\u00e9 como fot\u00f3grafa en el backstage del \u201cFestival Movimiento en Foco\u201d (MEF), un evento internacional de videodanza que se hace anualmente en Posadas. Si quieren saber m\u00e1s sobre este g\u00e9nero pueden pinchar en este link. Fue [&hellip;]<\/p>\n","protected":false},"author":2,"featured_media":0,"comment_status":"open","ping_status":"open","sticky":false,"template":"","format":"standard","meta":[],"categories":[1],"tags":[],"_links":{"self":[{"href":"https:\/\/artesaudiovisuales.ugd.edu.ar\/index.php\/wp-json\/wp\/v2\/posts\/404"}],"collection":[{"href":"https:\/\/artesaudiovisuales.ugd.edu.ar\/index.php\/wp-json\/wp\/v2\/posts"}],"about":[{"href":"https:\/\/artesaudiovisuales.ugd.edu.ar\/index.php\/wp-json\/wp\/v2\/types\/post"}],"author":[{"embeddable":true,"href":"https:\/\/artesaudiovisuales.ugd.edu.ar\/index.php\/wp-json\/wp\/v2\/users\/2"}],"replies":[{"embeddable":true,"href":"https:\/\/artesaudiovisuales.ugd.edu.ar\/index.php\/wp-json\/wp\/v2\/comments?post=404"}],"version-history":[{"count":3,"href":"https:\/\/artesaudiovisuales.ugd.edu.ar\/index.php\/wp-json\/wp\/v2\/posts\/404\/revisions"}],"predecessor-version":[{"id":412,"href":"https:\/\/artesaudiovisuales.ugd.edu.ar\/index.php\/wp-json\/wp\/v2\/posts\/404\/revisions\/412"}],"wp:attachment":[{"href":"https:\/\/artesaudiovisuales.ugd.edu.ar\/index.php\/wp-json\/wp\/v2\/media?parent=404"}],"wp:term":[{"taxonomy":"category","embeddable":true,"href":"https:\/\/artesaudiovisuales.ugd.edu.ar\/index.php\/wp-json\/wp\/v2\/categories?post=404"},{"taxonomy":"post_tag","embeddable":true,"href":"https:\/\/artesaudiovisuales.ugd.edu.ar\/index.php\/wp-json\/wp\/v2\/tags?post=404"}],"curies":[{"name":"wp","href":"https:\/\/api.w.org\/{rel}","templated":true}]}}