{"id":81,"date":"2018-05-22T14:28:02","date_gmt":"2018-05-22T17:28:02","guid":{"rendered":"http:\/\/artesaudiovisuales.ugd.edu.ar\/?p=81"},"modified":"2018-05-22T14:28:02","modified_gmt":"2018-05-22T17:28:02","slug":"todos-invitados","status":"publish","type":"post","link":"https:\/\/artesaudiovisuales.ugd.edu.ar\/index.php\/2018\/05\/22\/todos-invitados\/","title":{"rendered":"Todos invitados:"},"content":{"rendered":"<p>Organiza IAAVIM, participan SRT, Sica Apma. Acompa\u00f1a la UGD.<\/p>\n<div class=\"page\" title=\"Page 1\">\n<div class=\"section\">\n<div class=\"layoutArea\">\n<div class=\"column\">\n<p>La fecha prevista para dicha actividad es el mi\u00e9rcoles 23 de mayo del a\u00f1o en\u00a0<span style=\"font-size: 1rem;\">curso. La primera charla se desarrollar\u00e1 de 9 a 13 hs y la segunda de 15 a 19 hs. Est\u00e1n\u00a0<\/span><span style=\"font-size: 1rem;\">destinadas a trabajadores del sector audiovisual as\u00ed como tambi\u00e9n a estudiantes de\u00a0<\/span><span style=\"font-size: 1rem;\">carreras vinculadas a la ense\u00f1anza del audiovisual ya que abordar\u00e1n temas de sumo\u00a0<\/span><span style=\"font-size: 1rem;\">inter\u00e9s para el desarrollo profesional, cuidado y trabajo responsable de los trabajadores\u00a0<\/span><span style=\"font-size: 1rem;\">del sector. Ser\u00e1 en la Sala de Videoconferencias de la Universidad Gast\u00f3n Dachary\u00a0<\/span><span style=\"font-size: 1rem;\">(calle Salta, 1912, 2o piso).<\/span><\/p>\n<div class=\"page\" title=\"Page 1\">\n<div class=\"layoutArea\">\n<div class=\"column\">\n<p>Los interesados en participar deber\u00e1n inscribirse enviando su Nombre completo, DNI, organizaci\u00f3n a la que pertenecen al correo cursosiaavim@gmail.com. La actividad es gratuita.<\/p>\n<\/div>\n<\/div>\n<\/div>\n<\/div>\n<\/div>\n<\/div>\n<\/div>\n<p><img loading=\"lazy\" class=\"alignnone size-large wp-image-82\" src=\"http:\/\/artesaudiovisuales.ugd.edu.ar\/wp-content\/uploads\/2018\/05\/Flyer-931x1024.png\" alt=\"\" width=\"525\" height=\"577\" srcset=\"https:\/\/artesaudiovisuales.ugd.edu.ar\/wp-content\/uploads\/2018\/05\/Flyer-931x1024.png 931w, https:\/\/artesaudiovisuales.ugd.edu.ar\/wp-content\/uploads\/2018\/05\/Flyer-273x300.png 273w, https:\/\/artesaudiovisuales.ugd.edu.ar\/wp-content\/uploads\/2018\/05\/Flyer-768x845.png 768w, https:\/\/artesaudiovisuales.ugd.edu.ar\/wp-content\/uploads\/2018\/05\/Flyer.png 1862w\" sizes=\"(max-width: 525px) 100vw, 525px\" \/><\/p>\n","protected":false},"excerpt":{"rendered":"<p>Organiza IAAVIM, participan SRT, Sica Apma. Acompa\u00f1a la UGD. La fecha prevista para dicha actividad es el mi\u00e9rcoles 23 de mayo del a\u00f1o en\u00a0curso. La primera charla se desarrollar\u00e1 de 9 a 13 hs y la segunda de 15 a 19 hs. Est\u00e1n\u00a0destinadas a trabajadores del sector audiovisual as\u00ed como tambi\u00e9n a estudiantes de\u00a0carreras vinculadas [&hellip;]<\/p>\n","protected":false},"author":2,"featured_media":0,"comment_status":"open","ping_status":"open","sticky":false,"template":"","format":"standard","meta":[],"categories":[1],"tags":[],"_links":{"self":[{"href":"https:\/\/artesaudiovisuales.ugd.edu.ar\/index.php\/wp-json\/wp\/v2\/posts\/81"}],"collection":[{"href":"https:\/\/artesaudiovisuales.ugd.edu.ar\/index.php\/wp-json\/wp\/v2\/posts"}],"about":[{"href":"https:\/\/artesaudiovisuales.ugd.edu.ar\/index.php\/wp-json\/wp\/v2\/types\/post"}],"author":[{"embeddable":true,"href":"https:\/\/artesaudiovisuales.ugd.edu.ar\/index.php\/wp-json\/wp\/v2\/users\/2"}],"replies":[{"embeddable":true,"href":"https:\/\/artesaudiovisuales.ugd.edu.ar\/index.php\/wp-json\/wp\/v2\/comments?post=81"}],"version-history":[{"count":1,"href":"https:\/\/artesaudiovisuales.ugd.edu.ar\/index.php\/wp-json\/wp\/v2\/posts\/81\/revisions"}],"predecessor-version":[{"id":83,"href":"https:\/\/artesaudiovisuales.ugd.edu.ar\/index.php\/wp-json\/wp\/v2\/posts\/81\/revisions\/83"}],"wp:attachment":[{"href":"https:\/\/artesaudiovisuales.ugd.edu.ar\/index.php\/wp-json\/wp\/v2\/media?parent=81"}],"wp:term":[{"taxonomy":"category","embeddable":true,"href":"https:\/\/artesaudiovisuales.ugd.edu.ar\/index.php\/wp-json\/wp\/v2\/categories?post=81"},{"taxonomy":"post_tag","embeddable":true,"href":"https:\/\/artesaudiovisuales.ugd.edu.ar\/index.php\/wp-json\/wp\/v2\/tags?post=81"}],"curies":[{"name":"wp","href":"https:\/\/api.w.org\/{rel}","templated":true}]}}