{"id":87,"date":"2018-05-22T14:50:56","date_gmt":"2018-05-22T17:50:56","guid":{"rendered":"http:\/\/artesaudiovisuales.ugd.edu.ar\/?p=87"},"modified":"2018-05-22T14:50:56","modified_gmt":"2018-05-22T17:50:56","slug":"practicas-de-iluminacion-y-camara-i","status":"publish","type":"post","link":"https:\/\/artesaudiovisuales.ugd.edu.ar\/index.php\/2018\/05\/22\/practicas-de-iluminacion-y-camara-i\/","title":{"rendered":"Pr\u00e1cticas de Iluminaci\u00f3n y C\u00e1mara I"},"content":{"rendered":"<p>Comparto foto de las pr\u00e1cticas que mand\u00f3 el profesor Esteban.<img loading=\"lazy\" class=\"alignnone size-large wp-image-88\" src=\"http:\/\/artesaudiovisuales.ugd.edu.ar\/wp-content\/uploads\/2018\/05\/WhatsApp-Image-2018-05-09-at-19.09.18-1024x768.jpeg\" alt=\"\" width=\"525\" height=\"394\" srcset=\"https:\/\/artesaudiovisuales.ugd.edu.ar\/wp-content\/uploads\/2018\/05\/WhatsApp-Image-2018-05-09-at-19.09.18-1024x768.jpeg 1024w, https:\/\/artesaudiovisuales.ugd.edu.ar\/wp-content\/uploads\/2018\/05\/WhatsApp-Image-2018-05-09-at-19.09.18-300x225.jpeg 300w, https:\/\/artesaudiovisuales.ugd.edu.ar\/wp-content\/uploads\/2018\/05\/WhatsApp-Image-2018-05-09-at-19.09.18-768x576.jpeg 768w, https:\/\/artesaudiovisuales.ugd.edu.ar\/wp-content\/uploads\/2018\/05\/WhatsApp-Image-2018-05-09-at-19.09.18.jpeg 1040w\" sizes=\"(max-width: 525px) 100vw, 525px\" \/><\/p>\n","protected":false},"excerpt":{"rendered":"<p>Comparto foto de las pr\u00e1cticas que mand\u00f3 el profesor Esteban.<\/p>\n","protected":false},"author":2,"featured_media":0,"comment_status":"open","ping_status":"open","sticky":false,"template":"","format":"standard","meta":[],"categories":[1],"tags":[],"_links":{"self":[{"href":"https:\/\/artesaudiovisuales.ugd.edu.ar\/index.php\/wp-json\/wp\/v2\/posts\/87"}],"collection":[{"href":"https:\/\/artesaudiovisuales.ugd.edu.ar\/index.php\/wp-json\/wp\/v2\/posts"}],"about":[{"href":"https:\/\/artesaudiovisuales.ugd.edu.ar\/index.php\/wp-json\/wp\/v2\/types\/post"}],"author":[{"embeddable":true,"href":"https:\/\/artesaudiovisuales.ugd.edu.ar\/index.php\/wp-json\/wp\/v2\/users\/2"}],"replies":[{"embeddable":true,"href":"https:\/\/artesaudiovisuales.ugd.edu.ar\/index.php\/wp-json\/wp\/v2\/comments?post=87"}],"version-history":[{"count":1,"href":"https:\/\/artesaudiovisuales.ugd.edu.ar\/index.php\/wp-json\/wp\/v2\/posts\/87\/revisions"}],"predecessor-version":[{"id":89,"href":"https:\/\/artesaudiovisuales.ugd.edu.ar\/index.php\/wp-json\/wp\/v2\/posts\/87\/revisions\/89"}],"wp:attachment":[{"href":"https:\/\/artesaudiovisuales.ugd.edu.ar\/index.php\/wp-json\/wp\/v2\/media?parent=87"}],"wp:term":[{"taxonomy":"category","embeddable":true,"href":"https:\/\/artesaudiovisuales.ugd.edu.ar\/index.php\/wp-json\/wp\/v2\/categories?post=87"},{"taxonomy":"post_tag","embeddable":true,"href":"https:\/\/artesaudiovisuales.ugd.edu.ar\/index.php\/wp-json\/wp\/v2\/tags?post=87"}],"curies":[{"name":"wp","href":"https:\/\/api.w.org\/{rel}","templated":true}]}}