{"id":99,"date":"2018-09-03T19:58:11","date_gmt":"2018-09-03T22:58:11","guid":{"rendered":"http:\/\/artesaudiovisuales.ugd.edu.ar\/?p=99"},"modified":"2018-09-03T19:58:11","modified_gmt":"2018-09-03T22:58:11","slug":"practicas-de-iluminacion-y-camara-i-2","status":"publish","type":"post","link":"https:\/\/artesaudiovisuales.ugd.edu.ar\/index.php\/2018\/09\/03\/practicas-de-iluminacion-y-camara-i-2\/","title":{"rendered":"Pr\u00e1cticas de Iluminaci\u00f3n y C\u00e1mara I"},"content":{"rendered":"<p><img loading=\"lazy\" class=\"alignnone size-large wp-image-100\" src=\"http:\/\/artesaudiovisuales.ugd.edu.ar\/wp-content\/uploads\/2018\/09\/WhatsApp-Image-2018-09-03-at-19.56.09-768x1024.jpeg\" alt=\"\" width=\"525\" height=\"700\" srcset=\"https:\/\/artesaudiovisuales.ugd.edu.ar\/wp-content\/uploads\/2018\/09\/WhatsApp-Image-2018-09-03-at-19.56.09-768x1024.jpeg 768w, https:\/\/artesaudiovisuales.ugd.edu.ar\/wp-content\/uploads\/2018\/09\/WhatsApp-Image-2018-09-03-at-19.56.09-225x300.jpeg 225w, https:\/\/artesaudiovisuales.ugd.edu.ar\/wp-content\/uploads\/2018\/09\/WhatsApp-Image-2018-09-03-at-19.56.09.jpeg 960w\" sizes=\"(max-width: 525px) 100vw, 525px\" \/><\/p>\n","protected":false},"excerpt":{"rendered":"","protected":false},"author":2,"featured_media":0,"comment_status":"open","ping_status":"open","sticky":false,"template":"","format":"standard","meta":[],"categories":[1],"tags":[],"_links":{"self":[{"href":"https:\/\/artesaudiovisuales.ugd.edu.ar\/index.php\/wp-json\/wp\/v2\/posts\/99"}],"collection":[{"href":"https:\/\/artesaudiovisuales.ugd.edu.ar\/index.php\/wp-json\/wp\/v2\/posts"}],"about":[{"href":"https:\/\/artesaudiovisuales.ugd.edu.ar\/index.php\/wp-json\/wp\/v2\/types\/post"}],"author":[{"embeddable":true,"href":"https:\/\/artesaudiovisuales.ugd.edu.ar\/index.php\/wp-json\/wp\/v2\/users\/2"}],"replies":[{"embeddable":true,"href":"https:\/\/artesaudiovisuales.ugd.edu.ar\/index.php\/wp-json\/wp\/v2\/comments?post=99"}],"version-history":[{"count":1,"href":"https:\/\/artesaudiovisuales.ugd.edu.ar\/index.php\/wp-json\/wp\/v2\/posts\/99\/revisions"}],"predecessor-version":[{"id":101,"href":"https:\/\/artesaudiovisuales.ugd.edu.ar\/index.php\/wp-json\/wp\/v2\/posts\/99\/revisions\/101"}],"wp:attachment":[{"href":"https:\/\/artesaudiovisuales.ugd.edu.ar\/index.php\/wp-json\/wp\/v2\/media?parent=99"}],"wp:term":[{"taxonomy":"category","embeddable":true,"href":"https:\/\/artesaudiovisuales.ugd.edu.ar\/index.php\/wp-json\/wp\/v2\/categories?post=99"},{"taxonomy":"post_tag","embeddable":true,"href":"https:\/\/artesaudiovisuales.ugd.edu.ar\/index.php\/wp-json\/wp\/v2\/tags?post=99"}],"curies":[{"name":"wp","href":"https:\/\/api.w.org\/{rel}","templated":true}]}}